{"id":132680,"date":"2021-11-11T17:18:02","date_gmt":"2021-11-11T22:18:02","guid":{"rendered":"https:\/\/linitiative.ca\/International\/rabat-va-abriter-le-siege-lunion-panafricaine-de-la-jeunesse\/"},"modified":"2021-11-11T17:18:02","modified_gmt":"2021-11-11T22:18:02","slug":"rabat-va-abriter-le-siege-lunion-panafricaine-de-la-jeunesse","status":"publish","type":"post","link":"https:\/\/linitiative.ca\/International\/rabat-va-abriter-le-siege-lunion-panafricaine-de-la-jeunesse\/","title":{"rendered":"Rabat va abriter le si\u00e8ge l\u2019Union panafricaine de la jeunesse"},"content":{"rendered":"<div>\n<p><img loading=\"lazy\" decoding=\"async\" width=\"960\" height=\"640\" src=\"https:\/\/linitiative.ca\/International\/wp-content\/uploads\/sites\/23\/2021\/11\/16366690828943.jpg\" class=\"attachment-post-thumbnail size-post-thumbnail wp-post-image\" alt=\"\" srcset=\"https:\/\/linitiative.ca\/International\/wp-content\/uploads\/sites\/23\/2021\/11\/16366690828943.jpg 960w, https:\/\/www.journalducameroun.com\/wp-content\/uploads\/2021\/11\/16366690828943-300x200.jpg 300w, https:\/\/www.journalducameroun.com\/wp-content\/uploads\/2021\/11\/16366690828943-768x512.jpg 768w, https:\/\/www.journalducameroun.com\/wp-content\/uploads\/2021\/11\/16366690828943-660x440.jpg 660w, https:\/\/www.journalducameroun.com\/wp-content\/uploads\/2021\/11\/16366690828943-600x400.jpg 600w\" sizes=\"auto, (max-width: 960px) 100vw, 960px\"><\/p>\n<p>L&rsquo;accord de si\u00e8ge de l&rsquo;Union panafricaine de la jeunesse (UPJ) a \u00e9t\u00e9 sign\u00e9, ce jeudi \u00e0 Rabat, par le ministre marocain de la Jeunesse, de la Culture et de la Communication, Mohamed Mehdi Bensa\u00efd, , et le pr\u00e9sident de l&rsquo;UPJ, Aliou Oumarou, en pr\u00e9sence de Souleymane Satigui Sidib\u00e9, secr\u00e9taire g\u00e9n\u00e9ral de l&rsquo;UPJ.Dans une d\u00e9claration \u00e0 la presse \u00e0 l&rsquo;issue de la signature de cet accord, M. Oumarou a affirm\u00e9 que \u201cla jeunesse panafricaine est tr\u00e8s honor\u00e9e de l&rsquo;engagement manifeste du Roi Mohammed VI qui a toujours soutenu la jeunesse africaine, qui se retrouvera avec une tr\u00e8s grande fiert\u00e9 au sein de sa deuxi\u00e8me famille, ici au Maroc\u201d.<\/p>\n<p>De son c\u00f4t\u00e9, M. Bensaid a rappel\u00e9 que la ville de Rabat sera l&rsquo;ann\u00e9e prochaine la capitale africaine de la culture et nous allons mettre en place des programmes au profit des jeunes et de la jeunesse africaine, ajoutant que l&rsquo;installation du si\u00e8ge de l&rsquo;UPJ \u00e0 Rabat favorisera davantage \u201cun \u00e9change d&rsquo;exp\u00e9riences qui sera utile au d\u00e9veloppement de chaque pays et de la jeunesse africaine\u201d.<\/p>\n<p>Il a aussi soulign\u00e9 l&rsquo;importance de la pr\u00e9sentation aux jeunes panafricains les exp\u00e9riences du Maroc dans le domaine de la promotion des jeunes.<\/p>\n<p>Dans un communiqu\u00e9 de presse, le minist\u00e8re de la Jeunesse indique que \u201cle Maroc se f\u00e9licite de la d\u00e9cision du Conseil Ex\u00e9cutif de l&rsquo;Union Panafricaine de la Jeunesse amend\u00e9e le 10 novembre 2020, pr\u00e9voyant le transfert de son si\u00e8ge central au Maroc\u201d.<\/p>\n<p>Et de souligner que l&rsquo;UPJ a notamment pour missions de promouvoir ses valeurs et ses principes, notamment ceux li\u00e9s \u00e0 la paix, \u00e0 la d\u00e9mocratie et au d\u00e9veloppement durable en vue de r\u00e9aliser l&rsquo;int\u00e9gration africaine.<\/p>\n<p>Cet article <a rel=\"nofollow\" href=\"https:\/\/www.journalducameroun.com\/rabat-va-abriter-le-siege-lunion-panafricaine-de-la-jeunesse\/\">Rabat va abriter le si\u00e8ge l\u2019Union panafricaine de la jeunesse<\/a> est apparu en premier sur <a rel=\"nofollow\" href=\"https:\/\/www.journalducameroun.com\/\">Journal du Cameroun<\/a>.<\/p>\n<\/div>\n<p>Auteur: APA News<br \/>\n<a href=\"https:\/\/www.journalducameroun.com\/rabat-va-abriter-le-siege-lunion-panafricaine-de-la-jeunesse\/\">Cliquez ici pour lire l&rsquo;article depuis sa source.<\/a><\/p>\n","protected":false},"excerpt":{"rendered":"<p>L&rsquo;accord de si\u00e8ge de l&rsquo;Union panafricaine de la jeunesse (UPJ) a \u00e9t\u00e9 sign\u00e9, ce jeudi \u00e0 Rabat, par le ministre marocain de la Jeunesse, de la Culture et de la Communication, Mohamed Mehdi Bensa\u00efd, , et le pr\u00e9sident de l&rsquo;UPJ, Aliou Oumarou, en pr\u00e9sence de Souleymane Satigui Sidib\u00e9, secr\u00e9taire g\u00e9n\u00e9ral de l&rsquo;UPJ.Dans une d\u00e9claration \u00e0 [&hellip;]<\/p>\n","protected":false},"author":1965,"featured_media":0,"comment_status":"closed","ping_status":"closed","sticky":false,"template":"","format":"standard","meta":{"fifu_image_url":"https:\/\/www.journalducameroun.com\/wp-content\/uploads\/2021\/11\/16366690828943.jpg","fifu_image_alt":"Rabat va abriter le si\u00e8ge l\u2019Union panafricaine de la jeunesse","footnotes":""},"categories":[73,82],"tags":[],"class_list":["post-132680","post","type-post","status-publish","format-standard","hentry","category-actualite","category-cameroun"],"_links":{"self":[{"href":"https:\/\/linitiative.ca\/International\/wp-json\/wp\/v2\/posts\/132680","targetHints":{"allow":["GET"]}}],"collection":[{"href":"https:\/\/linitiative.ca\/International\/wp-json\/wp\/v2\/posts"}],"about":[{"href":"https:\/\/linitiative.ca\/International\/wp-json\/wp\/v2\/types\/post"}],"author":[{"embeddable":true,"href":"https:\/\/linitiative.ca\/International\/wp-json\/wp\/v2\/users\/1965"}],"replies":[{"embeddable":true,"href":"https:\/\/linitiative.ca\/International\/wp-json\/wp\/v2\/comments?post=132680"}],"version-history":[{"count":0,"href":"https:\/\/linitiative.ca\/International\/wp-json\/wp\/v2\/posts\/132680\/revisions"}],"wp:attachment":[{"href":"https:\/\/linitiative.ca\/International\/wp-json\/wp\/v2\/media?parent=132680"}],"wp:term":[{"taxonomy":"category","embeddable":true,"href":"https:\/\/linitiative.ca\/International\/wp-json\/wp\/v2\/categories?post=132680"},{"taxonomy":"post_tag","embeddable":true,"href":"https:\/\/linitiative.ca\/International\/wp-json\/wp\/v2\/tags?post=132680"}],"curies":[{"name":"wp","href":"https:\/\/api.w.org\/{rel}","templated":true}]}}