{"id":132682,"date":"2021-11-11T17:18:02","date_gmt":"2021-11-11T22:18:02","guid":{"rendered":"https:\/\/linitiative.ca\/International\/maroc-les-recommandations-du-conseil-de-la-concurrence-pour-mieux-reguler-le-marche-de-lenseignement-prive\/"},"modified":"2021-11-11T17:18:02","modified_gmt":"2021-11-11T22:18:02","slug":"maroc-les-recommandations-du-conseil-de-la-concurrence-pour-mieux-reguler-le-marche-de-lenseignement-prive","status":"publish","type":"post","link":"https:\/\/linitiative.ca\/International\/maroc-les-recommandations-du-conseil-de-la-concurrence-pour-mieux-reguler-le-marche-de-lenseignement-prive\/","title":{"rendered":"Maroc : Les recommandations du Conseil de la concurrence pour mieux r\u00e9guler le march\u00e9 de l\u2019enseignement priv\u00e9"},"content":{"rendered":"<div>\n<p><img loading=\"lazy\" decoding=\"async\" width=\"746\" height=\"380\" src=\"https:\/\/linitiative.ca\/International\/wp-content\/uploads\/sites\/23\/2021\/11\/16366690829891.jpg\" class=\"attachment-post-thumbnail size-post-thumbnail wp-post-image\" alt=\"\" srcset=\"https:\/\/linitiative.ca\/International\/wp-content\/uploads\/sites\/23\/2021\/11\/16366690829891.jpg 746w, https:\/\/www.journalducameroun.com\/wp-content\/uploads\/2021\/11\/16366690829891-300x153.jpg 300w, https:\/\/www.journalducameroun.com\/wp-content\/uploads\/2021\/11\/16366690829891-600x306.jpg 600w\" sizes=\"auto, (max-width: 746px) 100vw, 746px\"><\/p>\n<p>Saisi par le pr\u00e9sident de la Chambre des repr\u00e9sentants, le Conseil de la concurrence vient de livrer son diagnostic sur les r\u00e8gles de concurrence dans les \u00e9tablissements d&rsquo;enseignement priv\u00e9.Dans son avis, le conseil pointe l&rsquo;existence de diff\u00e9rences notables entre les op\u00e9rateurs de l&rsquo;enseignement scolaire priv\u00e9, en termes de qualit\u00e9 de prestations offertes.<\/p>\n<p>L&rsquo;un des points de divergence, notamment entre les \u00e9coles et les parents d&rsquo;\u00e9l\u00e8ves, concerne les prix pratiqu\u00e9s et les frais des services factur\u00e9s. \u00abPour les repr\u00e9sentants des parents d&rsquo;\u00e9l\u00e8ves, la tarification des services \u00e9ducatifs doit \u00eatre conforme \u00e0 des normes r\u00e9glement\u00e9es et \u00e0 des m\u00e9canismes transparents, loin d&rsquo;une optique de \u00abmarchandisation\u00bb des services aux fins de garantir aux investisseurs des marges commerciales confortables. Les propositions formul\u00e9es dans ce cadre ont essentiellement port\u00e9 sur l&rsquo;adoption d&rsquo;un bar\u00e8me de prix selon la classification des \u00e9tablissements \u00e0 l&rsquo;instar de la pratique constat\u00e9e dans le secteur h\u00f4telier\u00bb, disent les responsables auditionn\u00e9s par le Conseil.<\/p>\n<p>Ainsi, le Conseil appelle l&rsquo;\u00c9tat \u00e0 mieux encadrer l&rsquo;enseignement priv\u00e9 en termes de normes garantissant la qualit\u00e9 des services. Cela \u00e0 travers notamment l&rsquo;adoption d&rsquo;un nouveau cadre contractuel d\u00e9finissant les objectifs et les responsabilit\u00e9s entre les \u00e9tablissements scolaires priv\u00e9s, l&rsquo;\u00c9tat et ses organes; la r\u00e9vision du cadre juridique pour accompagner les changements que connait le march\u00e9 de l&rsquo;enseignement scolaire priv\u00e9 et r\u00e9pondre aux nouveaux d\u00e9fis auxquels est confront\u00e9 le syst\u00e8me \u00e9ducatif national; ainsi que la mise en place des m\u00e9canismes \u00e0 m\u00eame de renforcer la dynamique concurrentielle entre les diff\u00e9rents op\u00e9rateurs sur le march\u00e9 de l&rsquo;enseignement scolaire priv\u00e9.<\/p>\n<p>Le conseil estime n\u00e9cessaire de jeter les fondements d&rsquo;un syst\u00e8me int\u00e9gr\u00e9 de contr\u00f4le et d&rsquo;\u00e9valuation de la performance de ces \u00e9tablissements, d&rsquo;\u00e9tablir un syst\u00e8me d&rsquo;autorisation transparent garantissant des conditions unifi\u00e9es et non-discriminatoires dans le traitement des demandes d&rsquo;autorisation, et de fixer des normes pr\u00e9cises pour contr\u00f4ler la qualit\u00e9 des services rendus.<\/p>\n<p>D&rsquo;o\u00f9, a-t-il poursuivi, l&rsquo;urgence de passer \u00e0 un nouveau mod\u00e8le de concurrence dans ledit march\u00e9, fond\u00e9 sur une grande contractualisation entre l&rsquo;\u00c9tat, le secteur priv\u00e9 et les r\u00e9gions en vue d&rsquo;am\u00e9liorer et de g\u00e9n\u00e9raliser le service.<\/p>\n<p>Ce mod\u00e8le n\u00e9cessite \u00e9galement l&rsquo;adoption d&rsquo;un cadre juridique et r\u00e9glementaire pour suivre le rythme des changements que conna\u00eet le march\u00e9, et la mise en place d&rsquo;une politique territoriale globale pour la gestion du secteur \u00e0 lier \u00e0 des mod\u00e8les r\u00e9gionaux de d\u00e9veloppement, en vue de garantir une r\u00e9partition juste et \u00e9quitable, pr\u00e9cise le conseil de la concurrence.<\/p>\n<p>Cet article <a rel=\"nofollow\" href=\"https:\/\/www.journalducameroun.com\/maroc-les-recommandations-du-conseil-de-la-concurrence-pour-mieux-reguler-le-marche-de-lenseignement-prive\/\">Maroc : Les recommandations du Conseil de la concurrence pour mieux r\u00e9guler le march\u00e9 de l\u2019enseignement priv\u00e9<\/a> est apparu en premier sur <a rel=\"nofollow\" href=\"https:\/\/www.journalducameroun.com\/\">Journal du Cameroun<\/a>.<\/p>\n<\/div>\n<p>Auteur: APA News<br \/>\n<a href=\"https:\/\/www.journalducameroun.com\/maroc-les-recommandations-du-conseil-de-la-concurrence-pour-mieux-reguler-le-marche-de-lenseignement-prive\/\">Cliquez ici pour lire l&rsquo;article depuis sa source.<\/a><\/p>\n","protected":false},"excerpt":{"rendered":"<p>Saisi par le pr\u00e9sident de la Chambre des repr\u00e9sentants, le Conseil de la concurrence vient de livrer son diagnostic sur les r\u00e8gles de concurrence dans les \u00e9tablissements d&rsquo;enseignement priv\u00e9.Dans son avis, le conseil pointe l&rsquo;existence de diff\u00e9rences notables entre les op\u00e9rateurs de l&rsquo;enseignement scolaire priv\u00e9, en termes de qualit\u00e9 de prestations offertes. L&rsquo;un des points [&hellip;]<\/p>\n","protected":false},"author":1965,"featured_media":0,"comment_status":"closed","ping_status":"closed","sticky":false,"template":"","format":"standard","meta":{"fifu_image_url":"https:\/\/www.journalducameroun.com\/wp-content\/uploads\/2021\/11\/16366690829891.jpg","fifu_image_alt":"Maroc : Les recommandations du Conseil de la concurrence pour mieux r\u00e9guler le march\u00e9 de l\u2019enseignement priv\u00e9","footnotes":""},"categories":[73,82],"tags":[],"class_list":["post-132682","post","type-post","status-publish","format-standard","hentry","category-actualite","category-cameroun"],"_links":{"self":[{"href":"https:\/\/linitiative.ca\/International\/wp-json\/wp\/v2\/posts\/132682","targetHints":{"allow":["GET"]}}],"collection":[{"href":"https:\/\/linitiative.ca\/International\/wp-json\/wp\/v2\/posts"}],"about":[{"href":"https:\/\/linitiative.ca\/International\/wp-json\/wp\/v2\/types\/post"}],"author":[{"embeddable":true,"href":"https:\/\/linitiative.ca\/International\/wp-json\/wp\/v2\/users\/1965"}],"replies":[{"embeddable":true,"href":"https:\/\/linitiative.ca\/International\/wp-json\/wp\/v2\/comments?post=132682"}],"version-history":[{"count":0,"href":"https:\/\/linitiative.ca\/International\/wp-json\/wp\/v2\/posts\/132682\/revisions"}],"wp:attachment":[{"href":"https:\/\/linitiative.ca\/International\/wp-json\/wp\/v2\/media?parent=132682"}],"wp:term":[{"taxonomy":"category","embeddable":true,"href":"https:\/\/linitiative.ca\/International\/wp-json\/wp\/v2\/categories?post=132682"},{"taxonomy":"post_tag","embeddable":true,"href":"https:\/\/linitiative.ca\/International\/wp-json\/wp\/v2\/tags?post=132682"}],"curies":[{"name":"wp","href":"https:\/\/api.w.org\/{rel}","templated":true}]}}