{"id":132684,"date":"2021-11-11T07:22:04","date_gmt":"2021-11-11T12:22:04","guid":{"rendered":"https:\/\/linitiative.ca\/International\/activite-portuaire-le-port-de-douala-digitalise-ses-services\/"},"modified":"2021-11-11T07:22:04","modified_gmt":"2021-11-11T12:22:04","slug":"activite-portuaire-le-port-de-douala-digitalise-ses-services","status":"publish","type":"post","link":"https:\/\/linitiative.ca\/International\/activite-portuaire-le-port-de-douala-digitalise-ses-services\/","title":{"rendered":"Activit\u00e9 portuaire : le Port de Douala digitalise ses services"},"content":{"rendered":"<div>\n<p>Dix d\u00e9partements sont ainsi concern\u00e9s par ce projet : \u00ab les relations clients, le suivi de la performance, l\u2019accueil des navires, le suivi marchandise, la gestion des acc\u00e8s, la gestion domaniale, la gestion des concessions, la gestion des activit\u00e9s maritimes, paramaritimes et l\u2019interface avec la gestion de la maintenance \u00bb, confie le Port Autonome de Douala. En effet, ce 09 nombre 2021, le directeur g\u00e9n\u00e9ral du Port Autonome de Douala, Cyrus Ngo\u2019o a pr\u00e9sid\u00e9 la pr\u00e9sentation du projet d\u2019acquisition du nouveau prologiciel de gestion portuaire. Selon les informations obtenues au Port de Douala, cette nouvelle application vise la digitalisation de l\u2019ensemble\u00a0des services d\u00e9livr\u00e9s par le Port Autonome de Douala \u00e0 ses clients.<\/p>\n<p><strong>Lire aussi<\/strong> : <strong><a href=\"https:\/\/ecomatin.net\/le-chiffre-daffairess-du-pad-augmente-de-9418-milliards-1435-en-2020\/\">Le chiffre d\u2019affaires du PAD augmente de 9,418 milliards (14,35%) en 2020<\/a><\/strong><\/p>\n<p>Pour le directeur g\u00e9n\u00e9ral, \u00ab la transformation du PAD et de sa plate-forme des op\u00e9rations du commerce ext\u00e9rieur, en port intelligent ne se r\u00e9sume pas seulement \u00e0 mettre en \u0153uvre des innovations technologiques \u00bb, fait savoir Cyrus Ngo\u2019o, qui rel\u00e8ve par la m\u00eame occasion que \u00abcela consiste aussi \u00e0 adopter une approche collaborative, cr\u00e9ative et audacieuse dans la gestion de l\u2019activit\u00e9 portuaire, afin d\u2019\u00e9pouser d\u00e9finitivement tous les contours des standards internationaux du secteur\u00bb. Notons que le nouveau prologiciel est appel\u00e9 a remplac\u00e9 Cargo acquis en 2008.<\/p>\n<p><strong>Lire aussi<\/strong> : <strong><a href=\"https:\/\/ecomatin.net\/securisation-du-domaine-portuaire-lancement-de-loperation-de-restitution-des-actifs-de-lex-onpc-au-pad\/\">S\u00e9curisation du domaine portuaire : lancement de l\u2019op\u00e9ration de restitution des actifs de l\u2019ex-Onpc au PAD<\/a><\/strong><\/p>\n<p>Le Port Autonome de Douala met ainsi le digital au c\u0153ur de sa strat\u00e9gie de d\u00e9veloppement. On se souvient qu\u2019en 2020, le Port Autonome de Douala a remport\u00e9 la Palme d\u2019or du Forum Nationale sur Digitalisation du Cameroun. L\u2019objectif de ce forum \u00e9tait de pr\u00e9senter d\u2019une part, l\u2019apport du num\u00e9rique dans l\u2019optimisation des processus des diff\u00e9rents structures et administrations du pays, ainsi que les enjeux et les d\u00e9fis li\u00e9s \u00e0 la digitalisation et, d\u2019autre part, de partager les exp\u00e9riences et les bonnes pratiques dans le domaine. Au terme des pr\u00e9sentations qui ont \u00e9t\u00e9 faites, quatre d\u2019entre elles ont \u00e9t\u00e9 prim\u00e9es et la palme d\u2019or a \u00e9t\u00e9 d\u00e9cern\u00e9e au Port de Douala.<\/p>\n<p><strong>Lire aussi<\/strong> : <strong><a href=\"https:\/\/ecomatin.net\/le-pad-va-se-doter-dun-siege-dune-valeur-r-de-11-milliards-de-f-a-yaounde\/\">Le PAD va se doter d\u2019un si\u00e8ge d\u2019une valeur de 11 milliards de F \u00e0 Yaound\u00e9<\/a><\/strong><\/p>\n<p>L\u2019article <a rel=\"nofollow\" href=\"https:\/\/ecomatin.net\/activite-portuaire-le-port-de-douala-digitalise-ses-s-services\/\">Activit\u00e9 portuaire : le Port de Douala digitalise ses services<\/a> est apparu en premier sur <a rel=\"nofollow\" href=\"https:\/\/ecomatin.net\/\">EcoMatin<\/a>.<\/p>\n<\/div>\n<p>Auteur: Amina MALLOUM<br \/>\n<a href=\"https:\/\/ecomatin.net\/activite-portuaire-le-port-de-douala-digitalise-ses-s-services\/\">Cliquez ici pour lire l&rsquo;article depuis sa source.<\/a><\/p>\n","protected":false},"excerpt":{"rendered":"<p>Dix d\u00e9partements sont ainsi concern\u00e9s par ce projet : \u00ab les relations clients, le suivi de la performance, l\u2019accueil des navires, le suivi marchandise, la gestion des acc\u00e8s, la gestion domaniale, la gestion des concessions, la gestion des activit\u00e9s maritimes, paramaritimes et l\u2019interface avec la gestion de la maintenance \u00bb, confie le Port Autonome de [&hellip;]<\/p>\n","protected":false},"author":1969,"featured_media":0,"comment_status":"closed","ping_status":"closed","sticky":false,"template":"","format":"standard","meta":{"fifu_image_url":"","fifu_image_alt":"","footnotes":""},"categories":[82,78],"tags":[],"class_list":["post-132684","post","type-post","status-publish","format-standard","hentry","category-cameroun","category-economie"],"_links":{"self":[{"href":"https:\/\/linitiative.ca\/International\/wp-json\/wp\/v2\/posts\/132684","targetHints":{"allow":["GET"]}}],"collection":[{"href":"https:\/\/linitiative.ca\/International\/wp-json\/wp\/v2\/posts"}],"about":[{"href":"https:\/\/linitiative.ca\/International\/wp-json\/wp\/v2\/types\/post"}],"author":[{"embeddable":true,"href":"https:\/\/linitiative.ca\/International\/wp-json\/wp\/v2\/users\/1969"}],"replies":[{"embeddable":true,"href":"https:\/\/linitiative.ca\/International\/wp-json\/wp\/v2\/comments?post=132684"}],"version-history":[{"count":0,"href":"https:\/\/linitiative.ca\/International\/wp-json\/wp\/v2\/posts\/132684\/revisions"}],"wp:attachment":[{"href":"https:\/\/linitiative.ca\/International\/wp-json\/wp\/v2\/media?parent=132684"}],"wp:term":[{"taxonomy":"category","embeddable":true,"href":"https:\/\/linitiative.ca\/International\/wp-json\/wp\/v2\/categories?post=132684"},{"taxonomy":"post_tag","embeddable":true,"href":"https:\/\/linitiative.ca\/International\/wp-json\/wp\/v2\/tags?post=132684"}],"curies":[{"name":"wp","href":"https:\/\/api.w.org\/{rel}","templated":true}]}}