{"id":132695,"date":"2021-11-12T09:23:10","date_gmt":"2021-11-12T14:23:10","guid":{"rendered":"https:\/\/linitiative.ca\/International\/vacances-scolaires-les-usagers-des-autoroutes-invites-a-organiser-au-prealable-leur-voyage\/"},"modified":"2021-11-12T09:23:10","modified_gmt":"2021-11-12T14:23:10","slug":"vacances-scolaires-les-usagers-des-autoroutes-invites-a-organiser-au-prealable-leur-voyage","status":"publish","type":"post","link":"https:\/\/linitiative.ca\/International\/vacances-scolaires-les-usagers-des-autoroutes-invites-a-organiser-au-prealable-leur-voyage\/","title":{"rendered":"Vacances scolaires: Les usagers des autoroutes invit\u00e9s \u00e0 organiser au pr\u00e9alable leur voyage"},"content":{"rendered":"<div>\n<p><img loading=\"lazy\" decoding=\"async\" width=\"300\" height=\"153\" src=\"https:\/\/linitiative.ca\/International\/wp-content\/uploads\/sites\/23\/2021\/11\/Autoroute-Maroc-300x153-1.jpg\" class=\"attachment-medium size-medium wp-post-image\" alt=\"\" srcset=\"https:\/\/linitiative.ca\/International\/wp-content\/uploads\/sites\/23\/2021\/11\/Autoroute-Maroc-300x153-1.jpg 300w, https:\/\/aujourdhui.ma\/wp-content\/uploads\/2020\/07\/Autoroute-Maroc-274x140.jpg 274w, https:\/\/aujourdhui.ma\/wp-content\/uploads\/2020\/07\/Autoroute-Maroc.jpg 746w, https:\/\/aujourdhui.ma\/wp-content\/uploads\/2020\/07\/Autoroute-Maroc-165x84.jpg 165w, https:\/\/aujourdhui.ma\/wp-content\/uploads\/2020\/07\/Autoroute-Maroc-702x358.jpg 702w\" sizes=\"auto, (max-width: 300px) 100vw, 300px\"><\/p>\n<p><span style=\"font-size: 20px; color: #800000;\"><strong>La Soci\u00e9t\u00e9 Nationale des Autoroutes du Maroc (ADM) recommande \u00e0 ses clients-usagers d\u2019organiser au pr\u00e9alable leur voyage et se renseigner sur l\u2019\u00e9tat instantan\u00e9 du trafic \u00e0 l\u2019occasion des vacances scolaires qui co\u00efncident avec le week-end.<\/strong><\/span><span id=\"more-391286\"><\/span><\/p>\n<p>\u00ab\u00a0\u00c0 l\u2019occasion des vacances scolaires qui co\u00efncident avec le week-end, la Soci\u00e9t\u00e9 Nationale des Autoroutes du Maroc (ADM) informe ses clients-usagers que l\u2019ensemble du r\u00e9seau autoroutier conna\u00eetra un trafic important\u00a0\u00bb, indique ADM dans un communiqu\u00e9. Il s\u2019agit de vendredi 12 novembre 2021 entre 15h et 22h, samedi 13 novembre 2021 entre 9h et 13h et dimanche 21 novembre 2021, qui co\u00efncidera avec les retours des vacances, entre 16h et 22h, fait savoir la m\u00eame source. Pour un voyage s\u00e9curis\u00e9 et confortable, elle recommande ainsi \u00e0 ses clients-usagers d\u2019organiser au pr\u00e9alable leur voyage, et se renseigner sur l\u2019\u00e9tat instantan\u00e9 du trafic en t\u00e9l\u00e9chargeant l\u2019application \u00ab\u00a0ADM TRAFIC\u00a0\u00bb.<\/p>\n<p>ADM conseille, \u00e9galement, de v\u00e9rifier le solde restant sur le Pass Jawaz et proc\u00e9der \u00e0 sa recharge avant d\u2019emprunter l\u2019autoroute, et de prendre des pauses toutes les deux heures et contr\u00f4ler l\u2019\u00e9tat des pneus.<\/p>\n<p>Elle invite aussi ses clients-usagers \u00e0 faire preuve de vigilance en passant par des zones connaissant une recrudescence du brouillard ou des pr\u00e9cipitations qui r\u00e9duisent la visibilit\u00e9 et alt\u00e8rent la perception des distances, r\u00e9duire la vitesse, maintenir la distance de s\u00e9curit\u00e9, allumer les feux n\u00e9cessaires du v\u00e9hicule m\u00eame en plein jour.<\/p>\n<\/div>\n<p>Auteur: ALM<br \/>\n<a href=\"https:\/\/aujourdhui.ma\/societe\/vacances-scolaires-les-usagers-des-autoroutes-invites-a-organiser-au-prealable-leur-voyage\">Cliquez ici pour lire l&rsquo;article depuis sa source.<\/a><\/p>\n","protected":false},"excerpt":{"rendered":"<p>La Soci\u00e9t\u00e9 Nationale des Autoroutes du Maroc (ADM) recommande \u00e0 ses clients-usagers d\u2019organiser au pr\u00e9alable leur voyage et se renseigner sur l\u2019\u00e9tat instantan\u00e9 du trafic \u00e0 l\u2019occasion des vacances scolaires qui co\u00efncident avec le week-end. \u00ab\u00a0\u00c0 l\u2019occasion des vacances scolaires qui co\u00efncident avec le week-end, la Soci\u00e9t\u00e9 Nationale des Autoroutes du Maroc (ADM) informe ses [&hellip;]<\/p>\n","protected":false},"author":1759,"featured_media":0,"comment_status":"closed","ping_status":"closed","sticky":false,"template":"","format":"standard","meta":{"fifu_image_url":"https:\/\/aujourdhui.ma\/wp-content\/uploads\/2020\/07\/Autoroute-Maroc-300x153.jpg","fifu_image_alt":"Vacances scolaires: Les usagers des autoroutes invit\u00e9s \u00e0 organiser au pr\u00e9alable leur voyage","footnotes":""},"categories":[73,54],"tags":[],"class_list":["post-132695","post","type-post","status-publish","format-standard","hentry","category-actualite","category-maroc"],"_links":{"self":[{"href":"https:\/\/linitiative.ca\/International\/wp-json\/wp\/v2\/posts\/132695","targetHints":{"allow":["GET"]}}],"collection":[{"href":"https:\/\/linitiative.ca\/International\/wp-json\/wp\/v2\/posts"}],"about":[{"href":"https:\/\/linitiative.ca\/International\/wp-json\/wp\/v2\/types\/post"}],"author":[{"embeddable":true,"href":"https:\/\/linitiative.ca\/International\/wp-json\/wp\/v2\/users\/1759"}],"replies":[{"embeddable":true,"href":"https:\/\/linitiative.ca\/International\/wp-json\/wp\/v2\/comments?post=132695"}],"version-history":[{"count":0,"href":"https:\/\/linitiative.ca\/International\/wp-json\/wp\/v2\/posts\/132695\/revisions"}],"wp:attachment":[{"href":"https:\/\/linitiative.ca\/International\/wp-json\/wp\/v2\/media?parent=132695"}],"wp:term":[{"taxonomy":"category","embeddable":true,"href":"https:\/\/linitiative.ca\/International\/wp-json\/wp\/v2\/categories?post=132695"},{"taxonomy":"post_tag","embeddable":true,"href":"https:\/\/linitiative.ca\/International\/wp-json\/wp\/v2\/tags?post=132695"}],"curies":[{"name":"wp","href":"https:\/\/api.w.org\/{rel}","templated":true}]}}