{"id":132706,"date":"2021-11-11T13:00:00","date_gmt":"2021-11-11T18:00:00","guid":{"rendered":"https:\/\/linitiative.ca\/International\/le-pps-apprecie-la-teneur-claire-et-ferme-du-discours-royal-qui-consacre-la-force-tranquille-de-notre-pays\/"},"modified":"2021-11-11T13:00:00","modified_gmt":"2021-11-11T18:00:00","slug":"le-pps-apprecie-la-teneur-claire-et-ferme-du-discours-royal-qui-consacre-la-force-tranquille-de-notre-pays","status":"publish","type":"post","link":"https:\/\/linitiative.ca\/International\/le-pps-apprecie-la-teneur-claire-et-ferme-du-discours-royal-qui-consacre-la-force-tranquille-de-notre-pays\/","title":{"rendered":"Le PPS appr\u00e9cie la teneur claire et ferme du discours royal qui consacre la force tranquille de notre pays"},"content":{"rendered":"<div>\n<p class=\"has-text-align-center has-vivid-cyan-blue-color has-text-color\"><strong>Communiqu\u00e9 du bureau politique<\/strong><\/p>\n<p class=\"has-text-align-center has-text-color\" style=\"color:#03bd79\"><strong>46\u00e8me anniversaire de la Marche Verte :<\/strong><\/p>\n<p class=\"has-black-color has-text-color\"><strong>Le bureau politique du Parti du Progr\u00e8s et du Socialisme a tenu, mercredi 10 novembre 2012, sa r\u00e9union p\u00e9riodique dont l\u2019ordre du jour a concern\u00e9 de nombreuses questions d\u2019ordre politique et la vie interne du parti.<\/strong><\/p>\n<p class=\"has-black-color has-text-color\"><strong>A l\u2019ouverture de ses travaux, le bureau politique a exprim\u00e9 sa profonde appr\u00e9ciation \u00e0 l\u2019\u00e9gard du discours royal \u00e0 l\u2019occasion du 46<sup>\u00e8me<\/sup>\u00a0anniversaire de la Marche Verte, saluant sa teneur claire et ferme qui consacre la force tranquille de notre pays dans son approche \u00e0 l\u2019\u00e9gard de notre cause nationale premi\u00e8re. Le bureau politique soutient le fait que la marocanit\u00e9 du Sahara n\u2019a jamais \u00e9t\u00e9 et ne sera jamais \u00e0 l\u2019ordre du jour d\u2019une quelconque tractation et que notre pays ne peut pas tra\u00eener ind\u00e9finiment ce conflit artificiel. Sur cette m\u00eame base, tout partenariat ou coop\u00e9ration avec notre pays doit se faire dans le respect total du fait que nos provinces du Sud sont partie int\u00e9grante du territoire national.<\/strong><\/p>\n<p class=\"has-black-color has-text-color\"><strong>Dans ce cadre, le bureau politique s\u2019est arr\u00eat\u00e9 sur les comportements hostiles des dirigeants alg\u00e9riens vis \u00e0 vis de notre pays, estimant que cela alimente la tension dans la r\u00e9gion de mani\u00e8re inconsid\u00e9r\u00e9e , irresponsable et contraire \u00e0 toute sagesse, \u00e0 l\u2019encontre m\u00eame de l\u2019int\u00e9r\u00eat des peuples fr\u00e8res marocain et alg\u00e9rien et de la r\u00e9gion toute enti\u00e8re.<\/strong><\/p>\n<p class=\"has-black-color has-text-color\"><strong>A l\u2019oppos\u00e9 de cette approche st\u00e9rile des dirigeants alg\u00e9riens, le bureau politique enregistre avec fiert\u00e9 les acquis importants et grandissants que notre pays r\u00e9alise pour clore d\u00e9finitivement ce conflit artificiel dont en dernier lieu la r\u00e9solution n\u00b0 2602, adopt\u00e9e par le Conseil de S\u00e9curit\u00e9 de l\u2019ONU. Le Parti du Progr\u00e8s et du Socialisme souligne de nouveau que, parall\u00e8lement aux efforts diplomatiques, notre pays se doit de consolider le front int\u00e9rieur \u00e0 tous les niveaux d\u00e9mocratique, social et \u00e9conomique.<\/strong><\/p>\n<p class=\"has-black-color has-text-color\"><strong>\u00a0Lutte contre la pand\u00e9mie\u00a0: n\u00e9cessit\u00e9 d\u2019un souffle politique et communicationnel dans les approches du gouvernement<\/strong><\/p>\n<p class=\"has-black-color has-text-color\"><strong>Sur un autre plan, le bureau politique a examin\u00e9 l\u2019\u00e9volution de la situation sanitaire li\u00e9e \u00e0 la pand\u00e9mie de la Covid-19 dans notre pays et enregistr\u00e9 sa satisfaction \u00e0 l\u2019\u00e9gard de l\u2019am\u00e9lioration des diff\u00e9rents indicateurs. Il a salu\u00e9 \u00e0 ce propos l\u2019all\u00e8gement des mesures pr\u00e9ventives et, en particulier, la lev\u00e9e du couvre-feu nocturne. Ceci est \u00e0 m\u00eame de contribuer \u00e0 la reprise de nombreux secteurs et m\u00e9tiers qui ont \u00e9t\u00e9 tr\u00e8s affect\u00e9s par la pand\u00e9mie et ses r\u00e9percussions durant une longue p\u00e9riode.<\/strong><\/p>\n<p class=\"has-black-color has-text-color\"><strong>Tout en saluant les mesures d\u2019all\u00e8gement, le Parti du Progr\u00e8s et du Socialisme attire l\u2019attention du gouvernement sur la n\u00e9cessit\u00e9 d\u2019\u00e9viter l\u2019improvisation, la confusion et la politique de la sourde oreille dans l\u2019\u00e9laboration des d\u00e9cisions en la mati\u00e8re comme ce fut le cas pour la d\u00e9cision d\u2019adoption du pass-vaccinal, qui n\u00e9cessitait une approche participative et communicationnelle pour en expliquer les tenants et aboutissants et l\u2019impact sur de larges couches de citoyennes et citoyens.<\/strong><\/p>\n<p class=\"has-black-color has-text-color\"><strong>\u00a0Chert\u00e9 de la vie\u00a0: le gouvernement doit assumer ses responsabilit\u00e9s au lieu de se contenter de justifications<\/strong><\/p>\n<p class=\"has-black-color has-text-color\"><strong>Par ailleurs, le bureau politique a examin\u00e9 la question \u00e9pineuse et vitale de la situation sociale en g\u00e9n\u00e9ral et de l\u2019augmentation des tarifs des carburants et des prix de nombreux produits de consommation de base en particulier, faisant supporter un lourd fardeau suppl\u00e9mentaire aux \u00a0citoyens et en particulier aux couches d\u00e9sh\u00e9rit\u00e9es. <\/strong><\/p>\n<p class=\"has-black-color has-text-color\"><strong>Tout en comprenant que la question est li\u00e9e relativement aux r\u00e9percussions \u00e9conomiques de la pand\u00e9mie au niveau international et national, le Parti du Progr\u00e8s et du Socialisme attire fortement l\u2019attention sur le danger que cette situation repr\u00e9sente et qui requiert du gouvernement de renoncer \u00e0 la logique de la justification, de l\u2019ignorance et de l\u2019absence de r\u00e9activit\u00e9.<\/strong><\/p>\n<p class=\"has-black-color has-text-color\"><strong>A ce propos, le bureau politique consid\u00e8re que le gouvernement doit assumer pleinement ses responsabilit\u00e9s, en ce qui concerne aussi bien la pr\u00e9sence politique et communicationnelle requise, l\u2019\u00e9coute de l\u2019expression populaire et la r\u00e9activit\u00e9 s\u00e9rieuse avec elle dans le respect de la libert\u00e9 d\u2019expression encadr\u00e9e \u00e9videmment par les r\u00e8gles du droit et l\u2019esprit de responsabilit\u00e9, qu\u2019en ce qui concerne surtout la prise des d\u00e9cisions et des mesures qui s\u2019imposent pour la protection du pouvoir d\u2019achat des citoyennes et des citoyens et l\u2019all\u00e8gement de l\u2019impact des r\u00e9percussions multiples de la pand\u00e9mie et des augmentations des prix sur leur vie quotidienne.<\/strong><\/p>\n<p class=\"has-black-color has-text-color\"><strong>La vie interne du parti\u00a0: des r\u00e9unions provinciales sur l\u2019ensemble du territoire national<\/strong><\/p>\n<p class=\"has-black-color has-text-color\"><strong>Au niveau de la vie interne du parti et dans le cadre de l\u2019ex\u00e9cution des r\u00e9solutions du comit\u00e9 central et de la mise en \u0153uvre du plan d\u2019action du parti au cours de la p\u00e9riode actuelle, le bureau politique a adopt\u00e9 le programme des r\u00e9unions provinciales que le Secr\u00e9taire g\u00e9n\u00e9ral ou ses membres superviseront. L\u2019objectif \u00e9tant de renforcer la communication politique et organisationnelle avec les militantes et les militants du parti \u00e0 travers le territoire national et de donner une nouvelle impulsion \u00e0 l\u2019ensemble des structures et des organisations locales, provinciales, r\u00e9gionales, sectorielles et parall\u00e8les du parti.\u00a0<\/strong><\/p>\n<p>L\u2019article <a rel=\"nofollow\" href=\"http:\/\/albayane.press.ma\/le-pps-apprecie-la-teneur-claire-et-ferme-du-discours-royal-qui-consacre-la-force-tranquille-de-notre-pays.html\">Le PPS appr\u00e9cie la teneur claire et ferme du discours royal qui consacre la force tranquille de notre pays<\/a> est apparu en premier sur <a rel=\"nofollow\" href=\"http:\/\/albayane.press.ma\/\">ALBAYANE<\/a>.<\/p>\n<\/div>\n<p>Auteur: M&rsquo;hammed rahal<br \/>\n<a href=\"http:\/\/albayane.press.ma\/le-pps-apprecie-la-teneur-claire-et-ferme-du-discours-royal-qui-consacre-la-force-tranquille-de-notre-pays.html\">Cliquez ici pour lire l&rsquo;article depuis sa source.<\/a><\/p>\n","protected":false},"excerpt":{"rendered":"<p>Communiqu\u00e9 du bureau politique 46\u00e8me anniversaire de la Marche Verte : Le bureau politique du Parti du Progr\u00e8s et du Socialisme a tenu, mercredi 10 novembre 2012, sa r\u00e9union p\u00e9riodique dont l\u2019ordre du jour a concern\u00e9 de nombreuses questions d\u2019ordre politique et la vie interne du parti. A l\u2019ouverture de ses travaux, le bureau politique [&hellip;]<\/p>\n","protected":false},"author":1760,"featured_media":0,"comment_status":"closed","ping_status":"closed","sticky":false,"template":"","format":"standard","meta":{"fifu_image_url":"","fifu_image_alt":"","footnotes":""},"categories":[73,54],"tags":[],"class_list":["post-132706","post","type-post","status-publish","format-standard","hentry","category-actualite","category-maroc"],"_links":{"self":[{"href":"https:\/\/linitiative.ca\/International\/wp-json\/wp\/v2\/posts\/132706","targetHints":{"allow":["GET"]}}],"collection":[{"href":"https:\/\/linitiative.ca\/International\/wp-json\/wp\/v2\/posts"}],"about":[{"href":"https:\/\/linitiative.ca\/International\/wp-json\/wp\/v2\/types\/post"}],"author":[{"embeddable":true,"href":"https:\/\/linitiative.ca\/International\/wp-json\/wp\/v2\/users\/1760"}],"replies":[{"embeddable":true,"href":"https:\/\/linitiative.ca\/International\/wp-json\/wp\/v2\/comments?post=132706"}],"version-history":[{"count":0,"href":"https:\/\/linitiative.ca\/International\/wp-json\/wp\/v2\/posts\/132706\/revisions"}],"wp:attachment":[{"href":"https:\/\/linitiative.ca\/International\/wp-json\/wp\/v2\/media?parent=132706"}],"wp:term":[{"taxonomy":"category","embeddable":true,"href":"https:\/\/linitiative.ca\/International\/wp-json\/wp\/v2\/categories?post=132706"},{"taxonomy":"post_tag","embeddable":true,"href":"https:\/\/linitiative.ca\/International\/wp-json\/wp\/v2\/tags?post=132706"}],"curies":[{"name":"wp","href":"https:\/\/api.w.org\/{rel}","templated":true}]}}