{"id":132707,"date":"2021-11-11T13:00:00","date_gmt":"2021-11-11T18:00:00","guid":{"rendered":"https:\/\/linitiative.ca\/International\/le-sursaut-dune-cite-sinistree\/"},"modified":"2021-11-11T13:00:00","modified_gmt":"2021-11-11T18:00:00","slug":"le-sursaut-dune-cite-sinistree","status":"publish","type":"post","link":"https:\/\/linitiative.ca\/International\/le-sursaut-dune-cite-sinistree\/","title":{"rendered":"Le sursaut d\u2019une cit\u00e9 sinistr\u00e9e !"},"content":{"rendered":"<div>\n<p class=\"has-black-color has-text-color\"><strong>Depuis d\u00e9j\u00e0 presque deux ans, marqu\u00e9s par la pand\u00e9mie, la capitale du Souss se mettra au chantier sans rel\u00e2che. Le r\u00eave d\u2019\u00eatre enfin tel tant de cit\u00e9s r\u00e9nov\u00e9es du pays, se concr\u00e9tise de fond en comble. A fortiori, l\u2019espoir de rena\u00eetre pour de bon avait toujours arros\u00e9 la communaut\u00e9 du Souss, depuis les d\u00e9combres du s\u00e9isme de nagu\u00e8re, voila plus de six d\u00e9cennies. Cet espoir qui se pointe \u00e0 l\u2019horizon, mais s\u2019attelle \u00e0 fixer les lampadaires, \u00e9tendre les voiries, \u00e9difier les maisons d\u2019arts et de cultures, repiquer les aires de jeu et \u00a0de repos, relever le service de transport en commun, planter les parkings de sous -sols et les tr\u00e9mies\u2026Cet espoir auquel va jusqu\u2019au bout, un comit\u00e9 de pilotage des plus performants, conduit avec maestria et panache par le chef de file r\u00e9gional du Souss Massa, vivifie une ville qui rena\u00eet de ses cendres. \u00ab\u00a0Vivre sans espoir, c\u2019est cesser de vivre \u00bb, avait dit le romancier russe du 19<sup>\u00e8me<\/sup> si\u00e8cle, Fiodor Dosto\u00efevski dans son chef-d\u2019\u0153uvre \u00e0 grand succ\u00e8s, \u00ab\u00a0Les fr\u00e8res Karamazov\u00a0\u00bb. C\u2019est une cit\u00e9 remontante qui s\u2019offre aujourd\u2019hui, aux yeux de ses r\u00e9sidents et visiteurs \u00e0 travers les \u00e9difications tous azimuts, \u00e0 des cadences acc\u00e9l\u00e9r\u00e9es. Il est bien vrai que cette m\u00e9tamorphose \u00e9tait mise en branle par le Souverain avec une volont\u00e9 ardente de valoriser une ville centralis\u00e9e d\u00e9sormais inclue dans l\u2019\u00e9lan des grands travaux mis en avant. Mais, il faut bien dire que la m\u00e9tropole fut pr\u00e9dispos\u00e9e et r\u00e9solument r\u00e9pondante \u00e0 cette refonte de taille, incarn\u00e9e par une osmose sans pr\u00e9c\u00e9dent des divers op\u00e9rateurs locaux, une direction circonspecte du strat\u00e8ge et une prodigalit\u00e9 saisissante des projets en construction. Certes, il aurait fallu en faire autant, il y a des d\u00e9cennies, mais, dit-on, chaque chose \u00e0 son temps, car on s\u2019\u00e9tait plut\u00f4t servi, par le pass\u00e9, de ses propres comptes, au lieu de l\u2019int\u00e9r\u00eat de la ville et des populations. Maintenant, il semble bien que les choses ont chang\u00e9 par le biais de cette nouvelle synergie en place, sous les auspices du Roi dont le v\u0153u ferme d\u00e9route les malveillances et trace les lignes du grand parcours de la ville du Centre du royaume. On suit donc de la mani\u00e8re la plus \u00e9clatante, en d\u00e9pit de voix suspectes qui n\u2019ont pas de cesse de faire les gorges chaudes aux \u00abvid\u00e9os\u00bb des r\u00e9seaux sociaux, sans aucun impact sur le cours de cet \u00e9lan d\u2019envergure. La R\u00e9volution du Souss ne fait que d\u00e9buter avec la c\u00e9l\u00e9rit\u00e9 sereine qui sied \u00e0 l\u2019\u00e9lan vers l\u2019assouvissement des attentes des citoyens et l\u2019\u00e9mergence \u00a0de la ville, mise \u00a0sous l\u2019\u00e9teignoir, pendant des d\u00e9cades\u00a0! \u00a0\u00a0\u00a0\u00a0\u00a0\u00a0\u00a0\u00a0\u00a0\u00a0\u00a0\u00a0\u00a0\u00a0\u00a0\u00a0<\/strong><\/p>\n<p>L\u2019article <a rel=\"nofollow\" href=\"http:\/\/albayane.press.ma\/le-sursaut-dune-cite-sinistree.html\">Le sursaut d\u2019une cit\u00e9 sinistr\u00e9e !<\/a> est apparu en premier sur <a rel=\"nofollow\" href=\"http:\/\/albayane.press.ma\/\">ALBAYANE<\/a>.<\/p>\n<\/div>\n<p>Auteur: M&rsquo;hammed rahal<br \/>\n<a href=\"http:\/\/albayane.press.ma\/le-sursaut-dune-cite-sinistree.html\">Cliquez ici pour lire l&rsquo;article depuis sa source.<\/a><\/p>\n","protected":false},"excerpt":{"rendered":"<p>Depuis d\u00e9j\u00e0 presque deux ans, marqu\u00e9s par la pand\u00e9mie, la capitale du Souss se mettra au chantier sans rel\u00e2che. Le r\u00eave d\u2019\u00eatre enfin tel tant de cit\u00e9s r\u00e9nov\u00e9es du pays, se concr\u00e9tise de fond en comble. A fortiori, l\u2019espoir de rena\u00eetre pour de bon avait toujours arros\u00e9 la communaut\u00e9 du Souss, depuis les d\u00e9combres du [&hellip;]<\/p>\n","protected":false},"author":1760,"featured_media":0,"comment_status":"closed","ping_status":"closed","sticky":false,"template":"","format":"standard","meta":{"fifu_image_url":"","fifu_image_alt":"","footnotes":""},"categories":[73,54],"tags":[],"class_list":["post-132707","post","type-post","status-publish","format-standard","hentry","category-actualite","category-maroc"],"_links":{"self":[{"href":"https:\/\/linitiative.ca\/International\/wp-json\/wp\/v2\/posts\/132707","targetHints":{"allow":["GET"]}}],"collection":[{"href":"https:\/\/linitiative.ca\/International\/wp-json\/wp\/v2\/posts"}],"about":[{"href":"https:\/\/linitiative.ca\/International\/wp-json\/wp\/v2\/types\/post"}],"author":[{"embeddable":true,"href":"https:\/\/linitiative.ca\/International\/wp-json\/wp\/v2\/users\/1760"}],"replies":[{"embeddable":true,"href":"https:\/\/linitiative.ca\/International\/wp-json\/wp\/v2\/comments?post=132707"}],"version-history":[{"count":0,"href":"https:\/\/linitiative.ca\/International\/wp-json\/wp\/v2\/posts\/132707\/revisions"}],"wp:attachment":[{"href":"https:\/\/linitiative.ca\/International\/wp-json\/wp\/v2\/media?parent=132707"}],"wp:term":[{"taxonomy":"category","embeddable":true,"href":"https:\/\/linitiative.ca\/International\/wp-json\/wp\/v2\/categories?post=132707"},{"taxonomy":"post_tag","embeddable":true,"href":"https:\/\/linitiative.ca\/International\/wp-json\/wp\/v2\/tags?post=132707"}],"curies":[{"name":"wp","href":"https:\/\/api.w.org\/{rel}","templated":true}]}}