{"id":132731,"date":"2021-11-12T13:17:52","date_gmt":"2021-11-12T18:17:52","guid":{"rendered":"https:\/\/linitiative.ca\/International\/bourita-a-la-conference-de-paris-sur-la-libye\/"},"modified":"2021-11-12T13:17:52","modified_gmt":"2021-11-12T18:17:52","slug":"bourita-a-la-conference-de-paris-sur-la-libye","status":"publish","type":"post","link":"https:\/\/linitiative.ca\/International\/bourita-a-la-conference-de-paris-sur-la-libye\/","title":{"rendered":"Bourita \u00e0 la Conf\u00e9rence de Paris sur la Libye"},"content":{"rendered":"<div>\n<div class=\"field field-name-body field-type-text-with-summary field-label-hidden\">\n<div class=\"field-items\">\n<div class=\"field-item even\" property=\"content:encoded\">\n<p class=\"rtejustify\">Le ministre des Affaires \u00c9trang\u00e8res, de la Coop\u00e9ration Africaine et des Marocains R\u00e9sidents \u00e0 l&rsquo;\u00c9tranger, Nasser Bourita, qui repr\u00e9sente SM le Roi Mohammed VI \u00e0 la Conf\u00e9rence de Paris sur la Libye, a pr\u00e9sent\u00e9 l\u2019Approche Royale pour la r\u00e9solution de la crise libyenne et la volont\u00e9 du Souverain de faire du Maroc une terre d\u2019accueil pour le dialogue inter-libyen.<\/p>\n<\/div>\n<\/div>\n<\/div>\n<\/div>\n<p>Auteur: mbasraoui<br \/>\n<a href=\"https:\/\/www.leconomiste.com\/flash-infos\/bourita-la-conference-de-paris-sur-la-libye\">Cliquez ici pour lire l&rsquo;article depuis sa source.<\/a><\/p>\n","protected":false},"excerpt":{"rendered":"<p>Le ministre des Affaires \u00c9trang\u00e8res, de la Coop\u00e9ration Africaine et des Marocains R\u00e9sidents \u00e0 l&rsquo;\u00c9tranger, Nasser Bourita, qui repr\u00e9sente SM le Roi Mohammed VI \u00e0 la Conf\u00e9rence de Paris sur la Libye, a pr\u00e9sent\u00e9 l\u2019Approche Royale pour la r\u00e9solution de la crise libyenne et la volont\u00e9 du Souverain de faire du Maroc une terre d\u2019accueil [&hellip;]<\/p>\n","protected":false},"author":1763,"featured_media":0,"comment_status":"closed","ping_status":"closed","sticky":false,"template":"","format":"standard","meta":{"fifu_image_url":"","fifu_image_alt":"","footnotes":""},"categories":[78,54],"tags":[],"class_list":["post-132731","post","type-post","status-publish","format-standard","hentry","category-economie","category-maroc"],"_links":{"self":[{"href":"https:\/\/linitiative.ca\/International\/wp-json\/wp\/v2\/posts\/132731","targetHints":{"allow":["GET"]}}],"collection":[{"href":"https:\/\/linitiative.ca\/International\/wp-json\/wp\/v2\/posts"}],"about":[{"href":"https:\/\/linitiative.ca\/International\/wp-json\/wp\/v2\/types\/post"}],"author":[{"embeddable":true,"href":"https:\/\/linitiative.ca\/International\/wp-json\/wp\/v2\/users\/1763"}],"replies":[{"embeddable":true,"href":"https:\/\/linitiative.ca\/International\/wp-json\/wp\/v2\/comments?post=132731"}],"version-history":[{"count":0,"href":"https:\/\/linitiative.ca\/International\/wp-json\/wp\/v2\/posts\/132731\/revisions"}],"wp:attachment":[{"href":"https:\/\/linitiative.ca\/International\/wp-json\/wp\/v2\/media?parent=132731"}],"wp:term":[{"taxonomy":"category","embeddable":true,"href":"https:\/\/linitiative.ca\/International\/wp-json\/wp\/v2\/categories?post=132731"},{"taxonomy":"post_tag","embeddable":true,"href":"https:\/\/linitiative.ca\/International\/wp-json\/wp\/v2\/tags?post=132731"}],"curies":[{"name":"wp","href":"https:\/\/api.w.org\/{rel}","templated":true}]}}