{"id":132759,"date":"2021-11-12T16:49:54","date_gmt":"2021-11-12T21:49:54","guid":{"rendered":"https:\/\/linitiative.ca\/International\/tunisie-deces-dabderraouf-ayadi-il-sagit-dune-intox\/"},"modified":"2021-11-12T16:49:54","modified_gmt":"2021-11-12T21:49:54","slug":"tunisie-deces-dabderraouf-ayadi-il-sagit-dune-intox","status":"publish","type":"post","link":"https:\/\/linitiative.ca\/International\/tunisie-deces-dabderraouf-ayadi-il-sagit-dune-intox\/","title":{"rendered":"Tunisie \u2013 D\u00e9c\u00e8s d\u2019Abderraouf Ayadi\u00a0: Il s\u2019agit d\u2019une intox"},"content":{"rendered":"<div>\n<p>Plusieurs pages des r\u00e9seaux sociaux ont v\u00e9hicul\u00e9, ce vendredi, l\u2019information du d\u00e9c\u00e8s de l\u2019avocat et pr\u00e9sident du mouvement Wafa, Abderraouf Ayadi. Ce dernier a publi\u00e9 un post pour d\u00e9mentir cette intox, et pour assurer qu\u2019il est en bonne sant\u00e9.<\/p>\n<p>L\u2019article <a href=\"https:\/\/www.tunisienumerique.com\/tunisie-deces-dabderraouf-ayadi-il-sagit-dune-intox\/\">Tunisie \u2013 D\u00e9c\u00e8s d\u2019Abderraouf Ayadi\u00a0: Il s\u2019agit d\u2019une intox<\/a> est apparu en premier sur <a href=\"https:\/\/www.tunisienumerique.com\/\">Tunisie<\/a>.<\/p>\n<\/div>\n<p>Auteur: LM<br \/>\n<a href=\"https:\/\/www.tunisienumerique.com\/tunisie-deces-dabderraouf-ayadi-il-sagit-dune-intox\/\">Cliquez ici pour lire l&rsquo;article depuis sa source.<\/a><\/p>\n","protected":false},"excerpt":{"rendered":"<p>Plusieurs pages des r\u00e9seaux sociaux ont v\u00e9hicul\u00e9, ce vendredi, l\u2019information du d\u00e9c\u00e8s de l\u2019avocat et pr\u00e9sident du mouvement Wafa, Abderraouf Ayadi. Ce dernier a publi\u00e9 un post pour d\u00e9mentir cette intox, et pour assurer qu\u2019il est en bonne sant\u00e9. L\u2019article Tunisie \u2013 D\u00e9c\u00e8s d\u2019Abderraouf Ayadi\u00a0: Il s\u2019agit d\u2019une intox est apparu en premier sur Tunisie. [&hellip;]<\/p>\n","protected":false},"author":1789,"featured_media":0,"comment_status":"closed","ping_status":"closed","sticky":false,"template":"","format":"standard","meta":{"fifu_image_url":"","fifu_image_alt":"","footnotes":""},"categories":[73,55],"tags":[],"class_list":["post-132759","post","type-post","status-publish","format-standard","hentry","category-actualite","category-tunisie"],"_links":{"self":[{"href":"https:\/\/linitiative.ca\/International\/wp-json\/wp\/v2\/posts\/132759","targetHints":{"allow":["GET"]}}],"collection":[{"href":"https:\/\/linitiative.ca\/International\/wp-json\/wp\/v2\/posts"}],"about":[{"href":"https:\/\/linitiative.ca\/International\/wp-json\/wp\/v2\/types\/post"}],"author":[{"embeddable":true,"href":"https:\/\/linitiative.ca\/International\/wp-json\/wp\/v2\/users\/1789"}],"replies":[{"embeddable":true,"href":"https:\/\/linitiative.ca\/International\/wp-json\/wp\/v2\/comments?post=132759"}],"version-history":[{"count":0,"href":"https:\/\/linitiative.ca\/International\/wp-json\/wp\/v2\/posts\/132759\/revisions"}],"wp:attachment":[{"href":"https:\/\/linitiative.ca\/International\/wp-json\/wp\/v2\/media?parent=132759"}],"wp:term":[{"taxonomy":"category","embeddable":true,"href":"https:\/\/linitiative.ca\/International\/wp-json\/wp\/v2\/categories?post=132759"},{"taxonomy":"post_tag","embeddable":true,"href":"https:\/\/linitiative.ca\/International\/wp-json\/wp\/v2\/tags?post=132759"}],"curies":[{"name":"wp","href":"https:\/\/api.w.org\/{rel}","templated":true}]}}