{"id":132767,"date":"2021-11-12T09:16:17","date_gmt":"2021-11-12T14:16:17","guid":{"rendered":"https:\/\/linitiative.ca\/International\/defense-nationale-le-nouveau-secretaire-general-colonel-major-omer-bationo-installe-dans-ses-fonctions-ce-vendredi\/"},"modified":"2021-11-12T09:16:17","modified_gmt":"2021-11-12T14:16:17","slug":"defense-nationale-le-nouveau-secretaire-general-colonel-major-omer-bationo-installe-dans-ses-fonctions-ce-vendredi","status":"publish","type":"post","link":"https:\/\/linitiative.ca\/International\/defense-nationale-le-nouveau-secretaire-general-colonel-major-omer-bationo-installe-dans-ses-fonctions-ce-vendredi\/","title":{"rendered":"D\u00e9fense nationale : Le nouveau secr\u00e9taire g\u00e9n\u00e9ral, colonel major Omer Bationo install\u00e9 dans ses fonctions ce vendredi"},"content":{"rendered":"<div>\n<p>Le nouveau secr\u00e9taire g\u00e9n\u00e9ral de la d\u00e9fense nationale, Omer Bationo a \u00e9t\u00e9 install\u00e9 ce vendredi 12 novembre 2021 dans ses fonctions. Au cours de la c\u00e9r\u00e9monie, il a affirm\u00e9 prendre en compte l\u2019ampleur de la mission \u00e0 lui soumise, et se dit pr\u00eat \u00e0 relever les d\u00e9fis pour conserver les acquis de ses pr\u00e9d\u00e9cesseurs.<\/p>\n<p>Nomm\u00e9 en conseil des ministres du 03 novembre dernier, Omer Bationo a remplac\u00e9 officiellement le Colonel-major Jean Calvin Traor\u00e9 qui a assur\u00e9 l\u2019int\u00e9rim depuis le 22 avril 2021. Celui-ci assurait l\u2019int\u00e9rim apr\u00e8s le d\u00e9part \u00e0 la retraite du colonel Th\u00e9odore Naaba Pal\u00e9 le 16 avril 2021.<\/p>\n<p>Les missions du secr\u00e9tariat g\u00e9n\u00e9ral de la d\u00e9fense nationale (SGDN), selon Omer Bationo, sont d\u2019abord l\u2019apport des conseils en mati\u00e8re de s\u00e9curit\u00e9 nationale du premier ministre ; l\u2019autre mission strat\u00e9gique du SGDN est la participation \u00e0 la pr\u00e9paration, l\u2019organisation et l\u2019\u00e9laboration des textes strat\u00e9giques qui r\u00e9gissent la s\u00e9curit\u00e9 nationale.<\/p>\n<p>Le Colonel-major Jean Calvin Traor\u00e9 SGDN sortant, qui a assur\u00e9 l\u2019int\u00e9rim depuis le 22 avril 2021 a pour sa part remerci\u00e9 ses collaborateurs pour les travaux abattus.<\/p>\n<p>WMO<\/p>\n<p>L\u2019article <a rel=\"nofollow\" href=\"https:\/\/www.sidwaya.info\/blog\/2021\/11\/12\/defense-nationale-le-nouveau-secretaire-general-colonel-major-omer-bationo-installe-dans-ses-fonctions-ce-vendredi\/\">D\u00e9fense nationale : Le nouveau secr\u00e9taire g\u00e9n\u00e9ral, colonel major Omer Bationo install\u00e9 dans ses fonctions ce vendredi<\/a> est apparu en premier sur <a rel=\"nofollow\" href=\"https:\/\/www.sidwaya.info\/\">Quotidien Sidwaya<\/a>.<\/p>\n<\/div>\n<p>Auteur: Wamini SIDWAYA<br \/>\n<a href=\"https:\/\/www.sidwaya.info\/blog\/2021\/11\/12\/defense-nationale-le-nouveau-secretaire-general-colonel-major-omer-bationo-installe-dans-ses-fonctions-ce-vendredi\/\">Cliquez ici pour lire l&rsquo;article depuis sa source.<\/a><\/p>\n","protected":false},"excerpt":{"rendered":"<p>Le nouveau secr\u00e9taire g\u00e9n\u00e9ral de la d\u00e9fense nationale, Omer Bationo a \u00e9t\u00e9 install\u00e9 ce vendredi 12 novembre 2021 dans ses fonctions. Au cours de la c\u00e9r\u00e9monie, il a affirm\u00e9 prendre en compte l\u2019ampleur de la mission \u00e0 lui soumise, et se dit pr\u00eat \u00e0 relever les d\u00e9fis pour conserver les acquis de ses pr\u00e9d\u00e9cesseurs. Nomm\u00e9 [&hellip;]<\/p>\n","protected":false},"author":1816,"featured_media":0,"comment_status":"closed","ping_status":"closed","sticky":false,"template":"","format":"standard","meta":{"fifu_image_url":"","fifu_image_alt":"","footnotes":""},"categories":[73,81],"tags":[],"class_list":["post-132767","post","type-post","status-publish","format-standard","hentry","category-actualite","category-burkina-faso"],"_links":{"self":[{"href":"https:\/\/linitiative.ca\/International\/wp-json\/wp\/v2\/posts\/132767","targetHints":{"allow":["GET"]}}],"collection":[{"href":"https:\/\/linitiative.ca\/International\/wp-json\/wp\/v2\/posts"}],"about":[{"href":"https:\/\/linitiative.ca\/International\/wp-json\/wp\/v2\/types\/post"}],"author":[{"embeddable":true,"href":"https:\/\/linitiative.ca\/International\/wp-json\/wp\/v2\/users\/1816"}],"replies":[{"embeddable":true,"href":"https:\/\/linitiative.ca\/International\/wp-json\/wp\/v2\/comments?post=132767"}],"version-history":[{"count":0,"href":"https:\/\/linitiative.ca\/International\/wp-json\/wp\/v2\/posts\/132767\/revisions"}],"wp:attachment":[{"href":"https:\/\/linitiative.ca\/International\/wp-json\/wp\/v2\/media?parent=132767"}],"wp:term":[{"taxonomy":"category","embeddable":true,"href":"https:\/\/linitiative.ca\/International\/wp-json\/wp\/v2\/categories?post=132767"},{"taxonomy":"post_tag","embeddable":true,"href":"https:\/\/linitiative.ca\/International\/wp-json\/wp\/v2\/tags?post=132767"}],"curies":[{"name":"wp","href":"https:\/\/api.w.org\/{rel}","templated":true}]}}