{"id":132775,"date":"2021-11-12T11:18:02","date_gmt":"2021-11-12T16:18:02","guid":{"rendered":"https:\/\/linitiative.ca\/International\/cote-divoire-ibrahim-konate-dg-par-interim-de-lansut-remplace-soro-kipeya\/"},"modified":"2021-11-12T11:18:02","modified_gmt":"2021-11-12T16:18:02","slug":"cote-divoire-ibrahim-konate-dg-par-interim-de-lansut-remplace-soro-kipeya","status":"publish","type":"post","link":"https:\/\/linitiative.ca\/International\/cote-divoire-ibrahim-konate-dg-par-interim-de-lansut-remplace-soro-kipeya\/","title":{"rendered":"C\u00f4te d\u2019Ivoire: Ibrahim Konat\u00e9, DG par int\u00e9rim de l\u2019ANSUT, remplace Soro-Kipeya"},"content":{"rendered":"<div>\n<p><img loading=\"lazy\" decoding=\"async\" width=\"720\" height=\"480\" src=\"https:\/\/linitiative.ca\/International\/wp-content\/uploads\/sites\/23\/2021\/11\/16367338821314.jpg\" class=\"attachment-post-thumbnail size-post-thumbnail wp-post-image\" alt=\"\" srcset=\"https:\/\/linitiative.ca\/International\/wp-content\/uploads\/sites\/23\/2021\/11\/16367338821314.jpg 720w, https:\/\/www.journalducameroun.com\/wp-content\/uploads\/2021\/11\/16367338821314-300x200.jpg 300w, https:\/\/www.journalducameroun.com\/wp-content\/uploads\/2021\/11\/16367338821314-660x440.jpg 660w, https:\/\/www.journalducameroun.com\/wp-content\/uploads\/2021\/11\/16367338821314-600x400.jpg 600w\" sizes=\"auto, (max-width: 720px) 100vw, 720px\"><\/p>\n<p>Le Conseil d&rsquo;administration de l&rsquo;Agence nationale du service universel des t\u00e9l\u00e9communications -TIC (ANSUT) de C\u00f4te d&rsquo;Ivoire, a nomm\u00e9 vendredi M. Ibrahim Konat\u00e9 comme directeur g\u00e9n\u00e9ral par int\u00e9rim de la structure publique, en remplacement de Soro-Kipeya Jean Euloge, \u00e0 l&rsquo;issue d&rsquo;une session extraordinaire.<\/p>\n<p>Cette d\u00e9cision de suspension du directeur g\u00e9n\u00e9ral fait suite \u00e0 un audit pr\u00e9liminaire, selon des sources concordantes.<\/p>\n<p>Cet am\u00e9nagement \u00e0 la direction g\u00e9n\u00e9rale de l&rsquo;ANSUT intervient dans un contexte o\u00f9 l&rsquo;Etat ivoirien est fortement engag\u00e9 dans la digitalisation des services publics, mais \u00e9galement \u00e0 cr\u00e9er une soci\u00e9t\u00e9, o\u00f9 le num\u00e9rique qui n&rsquo;est plus une option, participe \u00e0 la transformation technologique et structurelle du pays.<\/p>\n<p>L&rsquo;acc\u00e8s \u00e0 l&rsquo;Internet et le co\u00fbt des services restent encore inaccessibles \u00e0 plusieurs couches de la population, surtout en zone rurale. Un fort \u00e9cart est constat\u00e9 de ce fait entre les habitants des grandes villes et ceux des campagnes.\u00a0<\/p>\n<p>L&rsquo;Etat ivoirien a commis des entit\u00e9s \u00e0 l&rsquo;effet de travailler sur des questions transversales en vue de digitaliser tous les secteurs d&rsquo;activit\u00e9s. Ce programme ambitieux, profil\u00e9, devrait \u00eatre encore plus tangible dans les ann\u00e9es \u00e0 venir.<\/p>\n<p>La crise sanitaire de Covid-19 a mis \u00e0 l&rsquo;\u00e9preuve l&rsquo;\u00e9cosyst\u00e8me du num\u00e9rique dans le secteur public et priv\u00e9, mais tr\u00e8s vite le gouvernement et le Patronat ont mis en place des outils de r\u00e9silience pour ne pas interrompre les activit\u00e9s socio-\u00e9conomiques.<\/p>\n<p>L&rsquo;Etat de C\u00f4te d&rsquo;Ivoire a mis en place l&rsquo;Agence nationale du service universel des t\u00e9l\u00e9communications -TIC (ANSUT) pour offrir aux populations des services technologiques de base, tant en milieu urbain que rural.<\/p>\n<p>Cet article <a rel=\"nofollow\" href=\"https:\/\/www.journalducameroun.com\/cote-divoire-ibrahim-konate-dg-par-interim-de-lansut-remplace-soro-kipeya\/\">C\u00f4te d\u2019Ivoire: Ibrahim Konat\u00e9, DG par int\u00e9rim de l\u2019ANSUT, remplace Soro-Kipeya<\/a> est apparu en premier sur <a rel=\"nofollow\" href=\"https:\/\/www.journalducameroun.com\/\">Journal du Cameroun<\/a>.<\/p>\n<\/div>\n<p>Auteur: APA News<br \/>\n<a href=\"https:\/\/www.journalducameroun.com\/cote-divoire-ibrahim-konate-dg-par-interim-de-lansut-remplace-soro-kipeya\/\">Cliquez ici pour lire l&rsquo;article depuis sa source.<\/a><\/p>\n","protected":false},"excerpt":{"rendered":"<p>Le Conseil d&rsquo;administration de l&rsquo;Agence nationale du service universel des t\u00e9l\u00e9communications -TIC (ANSUT) de C\u00f4te d&rsquo;Ivoire, a nomm\u00e9 vendredi M. Ibrahim Konat\u00e9 comme directeur g\u00e9n\u00e9ral par int\u00e9rim de la structure publique, en remplacement de Soro-Kipeya Jean Euloge, \u00e0 l&rsquo;issue d&rsquo;une session extraordinaire. Cette d\u00e9cision de suspension du directeur g\u00e9n\u00e9ral fait suite \u00e0 un audit pr\u00e9liminaire, [&hellip;]<\/p>\n","protected":false},"author":1965,"featured_media":0,"comment_status":"closed","ping_status":"closed","sticky":false,"template":"","format":"standard","meta":{"fifu_image_url":"https:\/\/www.journalducameroun.com\/wp-content\/uploads\/2021\/11\/16367338821314.jpg","fifu_image_alt":"C\u00f4te d\u2019Ivoire: Ibrahim Konat\u00e9, DG par int\u00e9rim de l\u2019ANSUT, remplace Soro-Kipeya","footnotes":""},"categories":[73,82],"tags":[],"class_list":["post-132775","post","type-post","status-publish","format-standard","hentry","category-actualite","category-cameroun"],"_links":{"self":[{"href":"https:\/\/linitiative.ca\/International\/wp-json\/wp\/v2\/posts\/132775","targetHints":{"allow":["GET"]}}],"collection":[{"href":"https:\/\/linitiative.ca\/International\/wp-json\/wp\/v2\/posts"}],"about":[{"href":"https:\/\/linitiative.ca\/International\/wp-json\/wp\/v2\/types\/post"}],"author":[{"embeddable":true,"href":"https:\/\/linitiative.ca\/International\/wp-json\/wp\/v2\/users\/1965"}],"replies":[{"embeddable":true,"href":"https:\/\/linitiative.ca\/International\/wp-json\/wp\/v2\/comments?post=132775"}],"version-history":[{"count":0,"href":"https:\/\/linitiative.ca\/International\/wp-json\/wp\/v2\/posts\/132775\/revisions"}],"wp:attachment":[{"href":"https:\/\/linitiative.ca\/International\/wp-json\/wp\/v2\/media?parent=132775"}],"wp:term":[{"taxonomy":"category","embeddable":true,"href":"https:\/\/linitiative.ca\/International\/wp-json\/wp\/v2\/categories?post=132775"},{"taxonomy":"post_tag","embeddable":true,"href":"https:\/\/linitiative.ca\/International\/wp-json\/wp\/v2\/tags?post=132775"}],"curies":[{"name":"wp","href":"https:\/\/api.w.org\/{rel}","templated":true}]}}