{"id":132777,"date":"2021-11-12T12:18:01","date_gmt":"2021-11-12T17:18:01","guid":{"rendered":"https:\/\/linitiative.ca\/International\/senegal-ladepme-doublement-certifiee\/"},"modified":"2021-11-12T12:18:01","modified_gmt":"2021-11-12T17:18:01","slug":"senegal-ladepme-doublement-certifiee","status":"publish","type":"post","link":"https:\/\/linitiative.ca\/International\/senegal-ladepme-doublement-certifiee\/","title":{"rendered":"S\u00e9n\u00e9gal : l\u2019ADEPME doublement certifi\u00e9e"},"content":{"rendered":"<div>\n<p><img loading=\"lazy\" decoding=\"async\" width=\"1080\" height=\"720\" src=\"https:\/\/linitiative.ca\/International\/wp-content\/uploads\/sites\/23\/2021\/11\/16367374819986.jpg\" class=\"attachment-post-thumbnail size-post-thumbnail wp-post-image\" alt=\"\" srcset=\"https:\/\/linitiative.ca\/International\/wp-content\/uploads\/sites\/23\/2021\/11\/16367374819986.jpg 1080w, https:\/\/www.journalducameroun.com\/wp-content\/uploads\/2021\/11\/16367374819986-300x200.jpg 300w, https:\/\/www.journalducameroun.com\/wp-content\/uploads\/2021\/11\/16367374819986-768x512.jpg 768w, https:\/\/www.journalducameroun.com\/wp-content\/uploads\/2021\/11\/16367374819986-1024x683.jpg 1024w, https:\/\/www.journalducameroun.com\/wp-content\/uploads\/2021\/11\/16367374819986-660x440.jpg 660w, https:\/\/www.journalducameroun.com\/wp-content\/uploads\/2021\/11\/16367374819986-600x400.jpg 600w\" sizes=\"auto, (max-width: 1080px) 100vw, 1080px\"><\/p>\n<p>L&rsquo;Agence de D\u00e9veloppement et d&rsquo;Encadrement des Petites et Moyennes Entreprises (ADEPME) a re\u00e7u, vendredi, du bureau de contr\u00f4le Veritas, la double certification ISO 9001 et ISO 27001 portant sur la qualit\u00e9 et la s\u00e9curit\u00e9 des syst\u00e8mes d&rsquo;informations.C&rsquo;est l&rsquo;aboutissement d&rsquo;un processus entam\u00e9 depuis 2019. A l&rsquo;\u00e9poque, l&rsquo;ADEPME s&rsquo;\u00e9tait lanc\u00e9e dans une d\u00e9marche de mise en place d&rsquo;un Syst\u00e8me de Management Int\u00e9gr\u00e9 Qualit\u00e9\/S\u00e9curit\u00e9 de l&rsquo;Information (SMQ-SI) et de la double certification associ\u00e9e ISO 9001, 27001.<\/p>\n<p>Pour l&rsquo;agence, l&rsquo;objectif \u00e9tait de\u00a0disposer pour les entreprises et l&rsquo;\u00e9cosyst\u00e8me entrepreneurial du S\u00e9n\u00e9gal, voire de la sous-r\u00e9gion, d&rsquo;un outil unique en Afrique aux standards internationaux pour l&rsquo;\u00e9valuation et le suivi r\u00e9\u00e9valuation des entreprises bas\u00e9 sur la mesure de la performance. C&rsquo;est d\u00e9sormais chose faite.<\/p>\n<p>\u00ab Relever le d\u00e9fi des PME\/PMI pour qu&rsquo;elles soient performantes c&rsquo;est aussi de gagner davantage la confiance des partenaires financiers et non financiers \u00bb, a d\u00e9clar\u00e9 le directeur g\u00e9n\u00e9ral de l&rsquo;ADEPME, Idrissa Diabira, apr\u00e8s avoir re\u00e7u les deux certifications.<\/p>\n<p>La certification\u00a0est une activit\u00e9 par laquelle un organisme reconnu, ind\u00e9pendant des parties en cause, donne une assurance \u00e9crite qu&rsquo;une organisation, un processus, un service, un produit ou des comp\u00e9tences professionnelles sont conformes \u00e0 des exigences sp\u00e9cifi\u00e9es dans un r\u00e9f\u00e9rentiel.<\/p>\n<p>La certification ISO 9001, r\u00e9f\u00e9rentiel du syst\u00e8me de management de la qualit\u00e9, est un passeport international qui d\u00e9montre la capacit\u00e9 de votre entreprise \u00e0 d\u00e9livrer un service conforme aux attentes de vos clients, a expliqu\u00e9 le directeur g\u00e9n\u00e9ral du Bureau Veritas S\u00e9n\u00e9gal, Malick Diop.<\/p>\n<p>La certification ISO 27001 est quant \u00e0 elle un r\u00e9f\u00e9rentiel du management des syst\u00e8mes d&rsquo;informations qui d\u00e9montre la capacit\u00e9 d&rsquo;une entreprise \u00e0 lutter efficacement contre les risques telle que la perte des donn\u00e9es, la cybercriminalit\u00e9, les attaques \u00e0 l&rsquo;image et les cons\u00e9quences financi\u00e8res y r\u00e9sultant, a-t-il poursuivi.<\/p>\n<p>\u00ab D\u00e9livr\u00e9s sur la base de r\u00e9f\u00e9rentiels internationaux reconnus, ces certificats participeront au renforcement du rayonnement de l&rsquo;ADEPME et \u00e0 la valorisation de ses actions au profit de ses partenaires \u00bb, a affirm\u00e9 MAlick Diop.\u00a0<\/p>\n<p>Le d\u00e9fi de l&rsquo;agence reste d\u00e9sormais le maintien du niveau de performance qui lui a valu ces distinctions. \u00ab Maintenant que vous avez pass\u00e9 le cap de la certification, le challenge qui vous attend r\u00e9side dans son maintien. Ceci n&rsquo;est pas la fin, mais le d\u00e9but d&rsquo;une autre \u00e8re \u00bb, a soulign\u00e9 M. Diop.<\/p>\n<p>Pour le DG de l&rsquo;ADEPME,\u00a0\u00ab\u00a0les d\u00e9marches qualit\u00e9s sont des d\u00e9marches d&rsquo;am\u00e9lioration continue. A partir du moment o\u00f9 vous y \u00eates, vous ne pouvez pas vous arr\u00eater parce que l&rsquo;objectif c&rsquo;est \u00e0 chaque de vous \u00e9valuer, de regarder les \u00e9carts, de les corriger, d&rsquo;ajuster votre management et de vous adapter \u00bb.<\/p>\n<p>C&rsquo;est pourquoi, a-t-il indiqu\u00e9, \u00ab\u00a0notre enjeu ce n&rsquo;est pas simplement de bien faire, mais c&rsquo;est d&rsquo;\u00eatre en mesure de faire \u00e0 la hauteur des attentes extr\u00eamement importantes que l&rsquo;on a au S\u00e9n\u00e9gal et dans la sous-r\u00e9gion. \u00bb<\/p>\n<p>L&rsquo;\u00e9quipe de l&rsquo;Agence de D\u00e9veloppement et d&rsquo;Encadrement des Petites et Moyennes Entreprises va d\u00e9sormais \u0153uvrer pour une mise \u00e0 l&rsquo;\u00e9chelle de ces certifications afin que \u00ab toutes les PME du S\u00e9n\u00e9gal puissent \u00eatre profil\u00e9es \u00a0pour un meilleur pilotage de ces entreprises \u00bb, a fait savoir le responsable du SMQ-SI de l&rsquo;agence, Dr Soyibou Ndao.<\/p>\n<p>Cet article <a rel=\"nofollow\" href=\"https:\/\/www.journalducameroun.com\/senegal-ladepme-doublement-certifiee\/\">S\u00e9n\u00e9gal : l\u2019ADEPME doublement certifi\u00e9e<\/a> est apparu en premier sur <a rel=\"nofollow\" href=\"https:\/\/www.journalducameroun.com\/\">Journal du Cameroun<\/a>.<\/p>\n<\/div>\n<p>Auteur: APA News<br \/>\n<a href=\"https:\/\/www.journalducameroun.com\/senegal-ladepme-doublement-certifiee\/\">Cliquez ici pour lire l&rsquo;article depuis sa source.<\/a><\/p>\n","protected":false},"excerpt":{"rendered":"<p>L&rsquo;Agence de D\u00e9veloppement et d&rsquo;Encadrement des Petites et Moyennes Entreprises (ADEPME) a re\u00e7u, vendredi, du bureau de contr\u00f4le Veritas, la double certification ISO 9001 et ISO 27001 portant sur la qualit\u00e9 et la s\u00e9curit\u00e9 des syst\u00e8mes d&rsquo;informations.C&rsquo;est l&rsquo;aboutissement d&rsquo;un processus entam\u00e9 depuis 2019. A l&rsquo;\u00e9poque, l&rsquo;ADEPME s&rsquo;\u00e9tait lanc\u00e9e dans une d\u00e9marche de mise en place [&hellip;]<\/p>\n","protected":false},"author":1965,"featured_media":0,"comment_status":"closed","ping_status":"closed","sticky":false,"template":"","format":"standard","meta":{"fifu_image_url":"https:\/\/www.journalducameroun.com\/wp-content\/uploads\/2021\/11\/16367374819986.jpg","fifu_image_alt":"S\u00e9n\u00e9gal : l\u2019ADEPME doublement certifi\u00e9e","footnotes":""},"categories":[73,82],"tags":[],"class_list":["post-132777","post","type-post","status-publish","format-standard","hentry","category-actualite","category-cameroun"],"_links":{"self":[{"href":"https:\/\/linitiative.ca\/International\/wp-json\/wp\/v2\/posts\/132777","targetHints":{"allow":["GET"]}}],"collection":[{"href":"https:\/\/linitiative.ca\/International\/wp-json\/wp\/v2\/posts"}],"about":[{"href":"https:\/\/linitiative.ca\/International\/wp-json\/wp\/v2\/types\/post"}],"author":[{"embeddable":true,"href":"https:\/\/linitiative.ca\/International\/wp-json\/wp\/v2\/users\/1965"}],"replies":[{"embeddable":true,"href":"https:\/\/linitiative.ca\/International\/wp-json\/wp\/v2\/comments?post=132777"}],"version-history":[{"count":0,"href":"https:\/\/linitiative.ca\/International\/wp-json\/wp\/v2\/posts\/132777\/revisions"}],"wp:attachment":[{"href":"https:\/\/linitiative.ca\/International\/wp-json\/wp\/v2\/media?parent=132777"}],"wp:term":[{"taxonomy":"category","embeddable":true,"href":"https:\/\/linitiative.ca\/International\/wp-json\/wp\/v2\/categories?post=132777"},{"taxonomy":"post_tag","embeddable":true,"href":"https:\/\/linitiative.ca\/International\/wp-json\/wp\/v2\/tags?post=132777"}],"curies":[{"name":"wp","href":"https:\/\/api.w.org\/{rel}","templated":true}]}}