{"id":132783,"date":"2021-11-12T05:29:00","date_gmt":"2021-11-12T10:29:00","guid":{"rendered":"https:\/\/linitiative.ca\/International\/bertoua-2eme-un-litige-foncier-paralyse-les-travaux-dun-projet-inscrit-dans-le-bip\/"},"modified":"2021-11-12T05:29:00","modified_gmt":"2021-11-12T10:29:00","slug":"bertoua-2eme-un-litige-foncier-paralyse-les-travaux-dun-projet-inscrit-dans-le-bip","status":"publish","type":"post","link":"https:\/\/linitiative.ca\/International\/bertoua-2eme-un-litige-foncier-paralyse-les-travaux-dun-projet-inscrit-dans-le-bip\/","title":{"rendered":"Bertoua 2\u00e8me : un litige foncier paralyse les travaux d\u2019un projet inscrit dans le BIP"},"content":{"rendered":"<div>\n<p>Les travaux de construction d\u2019une cl\u00f4ture \u00e0 l\u2019\u00e9cole bilingue d\u2019application au quartier Ekombiti\u00e9 \u00e0 Bertoua sont \u00e0 l\u2019arr\u00eat. Des travaux sur financement du budget d\u2019investissement public (Bip) 2021 de la commune de Bertoua 2\u00e8me. En effet, sur instructions de Donatien Boyomo, pr\u00e9fet du Lom-et-Djerem, le chantier ex\u00e9cut\u00e9 par l\u2019entrepreneur Kpoumie et qui tiraient vers la fin a \u00e9t\u00e9 arr\u00eat\u00e9 le 03 juin 2021 apr\u00e8s une sommation du sous-pr\u00e9fet de l\u2019arrondissement de Bertoua 2<sup>\u00e8me<\/sup>. Dans sa lettre \u00e0 l\u2019entreprise adjudicataire, l\u2019autorit\u00e9 administrative \u00e0 qui instruction a \u00e9t\u00e9 donn\u00e9e par sa hi\u00e9rarchie \u00e9voque\u00a0\u00ab\u00a0l\u2019arbitrage d\u2019un litige foncier opposant d\u2019une part, l\u2019administration publique repr\u00e9sent\u00e9e par les services d\u00e9concentr\u00e9s du minist\u00e8re de l\u2019Education de Base et la commune de Bertoua 2\u00e8me, et d\u2019autre part, Madame Kamwo Sobgoui, attributaire d\u2019un lot domanial d\u2019une superficie de 512 m2 au lotissement d\u2019Ekombiti\u00e9\u00a0\u00bb.<\/p>\n<p>Selon des responsables au sein de l\u2019entreprise,\u00a0<em>\u00ab\u00a0la plaignante a saisi les autorit\u00e9s pour qu\u2019un pan de cette barri\u00e8re soit d\u00e9truit, y compris les deux bloc<\/em>s de latrines construits par l\u2019Unicef. Cette derni\u00e8re voudrait cr\u00e9er une servitude pour acc\u00e9der \u00e0 son domicile. Une d\u00e9limitation qui n\u2019est pas correcte. Si l\u2019on s\u2019en tient aux croquis du titre foncier de l\u2019Enieg de Bertoua, c\u2019est un empi\u00e8tement \u00bb.<\/p>\n<p>Pour r\u00e9gler le \u00ab\u00a0litige\u00a0\u00bb, deux descentes ont \u00e9t\u00e9 effectu\u00e9es sur le site et selon les membres de cette commission,\u00a0\u00ab\u00a0la requ\u00e9rante n\u2019a pas pr\u00e9sent\u00e9 le moindre document justifiant son droit de propri\u00e9t\u00e9 sur la parcelle querell\u00e9<em>\u00a0<\/em>\u00bb. Une descente sur le terrain permet de constater qu\u2019autour des murs de cette barri\u00e8re, tout comme derri\u00e8re les salles de classe de l\u2019Enieg de Bertoua et ses deux \u00e9coles d\u2019application, des champs de l\u00e9gumes et de ma\u00efs, des fondations abandonn\u00e9es, des tas de sable, des chantiers en cours et des maisons b\u00e2ties et occup\u00e9es par des riverains remplissent cet espace. En plus du campus de l\u2019Enieg de Bertoua, ce site abrite \u00e9galement deux \u00e9coles primaires bilingues d\u2019application cr\u00e9\u00e9es dans les ann\u00e9es 1975 et une \u00e9cole maternelle dans le titre foncier de l\u2019Ecole normale d\u2019instituteurs de l\u2019enseignement g\u00e9n\u00e9ral (Enieg).<\/p>\n<p>Pour certains voisins rencontr\u00e9s, \u00ab\u00a0l\u2019envahissement du titre foncier de l\u2019Enieg serait l\u2019\u0153uvre des pr\u00e9fets successifs du d\u00e9partement du Lom-et-Djerem qui sans tenir compte du titre foncier de cette \u00e9cole de formation aurait distribu\u00e9 des lots \u00e0 certaines personnes au fil des ann\u00e9es\u00a0\u00bb. Rappelons que cet empi\u00e9tement emp\u00eache \u00e0 l\u2019Enieg bilingue de Bertoua d\u2019\u00e9tendre ses infrastructures et la possibilit\u00e9 d\u2019envisager d\u2019autres projets de d\u00e9veloppement sur son site. \u00c9galement l\u2019arr\u00eat brusque des travaux de construction de la barri\u00e8re depuis plusieurs mois instruit par le pr\u00e9fet du Lom-et-Djerem met en p\u00e9ril\u00a0 le projet d\u2019\u00e9quipement de cette \u00e9cole d\u2019application en tablettes num\u00e9riques par l\u2019Unicef.<\/p>\n<p>Aux derni\u00e8res nouvelles, le pr\u00e9fet a convoqu\u00e9 toutes les parties prenantes \u00e0 une s\u00e9ance de travail \u00e0 la pr\u00e9fecture de Bertoua le 16 novembre, suivie par une descente sur le terrain pour voir claire.<\/p>\n<p><strong>Martin Foula<\/strong><\/p>\n<p>L\u2019article <a rel=\"nofollow\" href=\"https:\/\/ecomatin.net\/bertoua-2eme-un-litige-foncier-paralyse-les-travaux-dun-projet-inscrit-dans-le-bip\/\">Bertoua 2\u00e8me : un litige foncier paralyse les travaux d\u2019un projet inscrit dans le BIP<\/a> est apparu en premier sur <a rel=\"nofollow\" href=\"https:\/\/ecomatin.net\/\">EcoMatin<\/a>.<\/p>\n<\/div>\n<p>Auteur: EcoMatin<br \/>\n<a href=\"https:\/\/ecomatin.net\/bertoua-2eme-un-litige-foncier-paralyse-les-travaux-dun-projet-inscrit-dans-le-bip\/\">Cliquez ici pour lire l&rsquo;article depuis sa source.<\/a><\/p>\n","protected":false},"excerpt":{"rendered":"<p>Les travaux de construction d\u2019une cl\u00f4ture \u00e0 l\u2019\u00e9cole bilingue d\u2019application au quartier Ekombiti\u00e9 \u00e0 Bertoua sont \u00e0 l\u2019arr\u00eat. Des travaux sur financement du budget d\u2019investissement public (Bip) 2021 de la commune de Bertoua 2\u00e8me. En effet, sur instructions de Donatien Boyomo, pr\u00e9fet du Lom-et-Djerem, le chantier ex\u00e9cut\u00e9 par l\u2019entrepreneur Kpoumie et qui tiraient vers la [&hellip;]<\/p>\n","protected":false},"author":1969,"featured_media":0,"comment_status":"closed","ping_status":"closed","sticky":false,"template":"","format":"standard","meta":{"fifu_image_url":"","fifu_image_alt":"","footnotes":""},"categories":[82,78],"tags":[],"class_list":["post-132783","post","type-post","status-publish","format-standard","hentry","category-cameroun","category-economie"],"_links":{"self":[{"href":"https:\/\/linitiative.ca\/International\/wp-json\/wp\/v2\/posts\/132783","targetHints":{"allow":["GET"]}}],"collection":[{"href":"https:\/\/linitiative.ca\/International\/wp-json\/wp\/v2\/posts"}],"about":[{"href":"https:\/\/linitiative.ca\/International\/wp-json\/wp\/v2\/types\/post"}],"author":[{"embeddable":true,"href":"https:\/\/linitiative.ca\/International\/wp-json\/wp\/v2\/users\/1969"}],"replies":[{"embeddable":true,"href":"https:\/\/linitiative.ca\/International\/wp-json\/wp\/v2\/comments?post=132783"}],"version-history":[{"count":0,"href":"https:\/\/linitiative.ca\/International\/wp-json\/wp\/v2\/posts\/132783\/revisions"}],"wp:attachment":[{"href":"https:\/\/linitiative.ca\/International\/wp-json\/wp\/v2\/media?parent=132783"}],"wp:term":[{"taxonomy":"category","embeddable":true,"href":"https:\/\/linitiative.ca\/International\/wp-json\/wp\/v2\/categories?post=132783"},{"taxonomy":"post_tag","embeddable":true,"href":"https:\/\/linitiative.ca\/International\/wp-json\/wp\/v2\/tags?post=132783"}],"curies":[{"name":"wp","href":"https:\/\/api.w.org\/{rel}","templated":true}]}}