{"id":132804,"date":"2021-11-12T17:52:16","date_gmt":"2021-11-12T22:52:16","guid":{"rendered":"https:\/\/linitiative.ca\/International\/afarcot-journees-scientifiques-sur-lanesthesie-locoregionale\/"},"modified":"2021-11-12T17:52:16","modified_gmt":"2021-11-12T22:52:16","slug":"afarcot-journees-scientifiques-sur-lanesthesie-locoregionale","status":"publish","type":"post","link":"https:\/\/linitiative.ca\/International\/afarcot-journees-scientifiques-sur-lanesthesie-locoregionale\/","title":{"rendered":"AFARCOT: Journ\u00e9es scientifiques sur l\u2019anesth\u00e9sie locor\u00e9gionale"},"content":{"rendered":"<div>\n<div style=\"margin-bottom:20px;\"><img loading=\"lazy\" decoding=\"async\" width=\"750\" height=\"430\" src=\"https:\/\/linitiative.ca\/International\/wp-content\/uploads\/sites\/23\/2021\/11\/congrC3A9s-mC3A9dical-RAK-copier.jpg\" class=\"attachment-post-thumbnail size-post-thumbnail wp-post-image\" alt=\"\" srcset=\"https:\/\/linitiative.ca\/International\/wp-content\/uploads\/sites\/23\/2021\/11\/congrC3A9s-mC3A9dical-RAK-copier.jpg 750w, http:\/\/www.mapmarrakech.ma\/map\/uploads\/2021\/11\/congr\u00e9s-m\u00e9dical-RAK-copier-300x172.jpg 300w\" sizes=\"auto, (max-width: 750px) 100vw, 750px\"><\/div>\n<p>Ce conclave se tient \u00e0 l\u2019occasion de la c\u00e9l\u00e9bration du 21\u00e8 anniversaire de la cr\u00e9ation de l\u2019AFARCOT, et b\u00e9n\u00e9ficie du concours de l\u2019Association Marocaine des M\u00e9decins Anesth\u00e9sistes R\u00e9animateurs de Marrakech (AMARM) et de la Soci\u00e9t\u00e9 Marocaine d\u2019Anesth\u00e9sie, d\u2019Analg\u00e9sie et de R\u00e9animation (SMAAR).<\/p>\n<p>R\u00e9unissant un parterre d\u2019experts en anesth\u00e9sie locor\u00e9gionale et de m\u00e9decins anesth\u00e9sistes marocains, ce rendez-vous m\u00e9dicale d\u2019envergure se veut l\u2019occasion de s\u2019attarder sur l\u2019importance de la technique d\u2019anesth\u00e9sie locor\u00e9gionale dans l\u2019analg\u00e9sie (lutte contre la douleur) chez les patients en traumatologie orthop\u00e9die.<\/p>\n<p>Dans une d\u00e9claration \u00e0 M24, la chaine t\u00e9l\u00e9vis\u00e9e de l\u2019information en continu de la MAP, la pr\u00e9sidente de l\u2019AFARCOT, Mme Anissa Belbachir, a fait savoir que l\u2019anesth\u00e9sie locor\u00e9gionale est plus s\u00fbre que l\u2019anesth\u00e9sie g\u00e9n\u00e9rale car, les complications d\u2019origine allergiques sont absentes, sachant pertinemment, qu\u2019elle entraine un r\u00e9tablissement plus rapide des patients.<\/p>\n<p>Le patient, qui subit par exemple une op\u00e9ration chirurgicale le matin, peut sortir de l\u2019h\u00f4pital le soir ou le lendemain, en plus une anesth\u00e9sie locor\u00e9gionale permet de lui \u00e9viter les effets ind\u00e9sirables de la morphine, a expliqu\u00e9 cette responsable de l\u2019unit\u00e9 d\u2019anesth\u00e9sie orthop\u00e9dique \u00e0 l\u2019h\u00f4pital Cochin (Paris).<\/p>\n<p>Concernant le choix de Marrakech pour f\u00eater le 21\u00e8 anniversaire de la cr\u00e9ation de l\u2019AFARCOT, Mme Belbachir a relev\u00e9 que l\u2019association avait d\u00e9j\u00e0 f\u00eat\u00e9 ses dix ans \u00e0 la cit\u00e9 ocre, une ville, o\u00f9 les savants, scientifiques et philosophes jouissent toujours d\u2019une place sociale \u00e9minente.<\/p>\n<p>Dans une d\u00e9claration similaire, la pr\u00e9sidente de l\u2019AMARM, professeure Amra Ziadi, a soulign\u00e9 que l\u2019anesth\u00e9sie locor\u00e9gionale est une technique, qui permet d\u2019anesth\u00e9sier un membre ou une partie seulement chez le patient, en injectant des produits d\u2019anesth\u00e9sie ciblant des nerfs, indiquant que cette technique n\u00e9cessite un contr\u00f4le \u00e9chographique et permet d\u2019\u00e9viter les risques de l\u2019anesth\u00e9sie g\u00e9n\u00e9rale.<\/p>\n<p>Dans ce contexte, cette sp\u00e9cialiste a mis l\u2019accent sur l\u2019importance de la formation continue qui permet d\u2019\u00eatre au diapason des nouvelles techniques et des r\u00e9centes \u00e9volutions dans cette discipline.<\/p>\n<p>Au menu de la premi\u00e8re journ\u00e9e de cet \u00e9v\u00e9nement scientifique figure une s\u00e9rie de conf\u00e9rences ax\u00e9es sur \u00ab\u00a0les nouvelles techniques d\u2019anesth\u00e9sie locor\u00e9gionale en chirurgie orthop\u00e9dique et traumatologique\u00a0\u00bb alors que la 2\u00e8 journ\u00e9e sera d\u00e9di\u00e9e \u00e0 des ateliers pratiques permettant aux jeunes anesth\u00e9sistes r\u00e9animateurs de d\u00e9couvrir les nouvelles techniques dans ce domaine.<\/p>\n<p>\u00ab\u00a0L\u2019analg\u00e9sie et la r\u00e9habilitation post-op\u00e9ratoires\u00a0\u00bb, \u00ab\u00a0l\u2019h\u00e9mostase et la pr\u00e9vention thrombo-embolique\u00a0\u00bb, \u00ab\u00a0Conf\u00e9rence TED (Technology, Entertainement and Design)\u00a0\u00bb, et \u00ab\u00a0les relations d\u2019\u00e9quipe au service du patient\u00a0\u00bb sont les principaux axes autour duquels s\u2019articuleront les d\u00e9bats lors de cette rencontre.<\/p>\n<p>The post <a rel=\"nofollow\" href=\"http:\/\/www.mapmarrakech.ma\/fr\/afarcot-journees-scientifiques-sur-lanesthesie-locoregionale\/\">AFARCOT: Journ\u00e9es scientifiques sur l\u2019anesth\u00e9sie locor\u00e9gionale<\/a> appeared first on <a rel=\"nofollow\" href=\"http:\/\/www.mapmarrakech.ma\/fr\">MapMarrakech<\/a>.<\/p>\n<\/div>\n<p>Auteur: Meriem IGASS<br \/>\n<a href=\"http:\/\/www.mapmarrakech.ma\/fr\/afarcot-journees-scientifiques-sur-lanesthesie-locoregionale\/\">Cliquez ici pour lire l&rsquo;article depuis sa source.<\/a><\/p>\n","protected":false},"excerpt":{"rendered":"<p>Ce conclave se tient \u00e0 l\u2019occasion de la c\u00e9l\u00e9bration du 21\u00e8 anniversaire de la cr\u00e9ation de l\u2019AFARCOT, et b\u00e9n\u00e9ficie du concours de l\u2019Association Marocaine des M\u00e9decins Anesth\u00e9sistes R\u00e9animateurs de Marrakech (AMARM) et de la Soci\u00e9t\u00e9 Marocaine d\u2019Anesth\u00e9sie, d\u2019Analg\u00e9sie et de R\u00e9animation (SMAAR). R\u00e9unissant un parterre d\u2019experts en anesth\u00e9sie locor\u00e9gionale et de m\u00e9decins anesth\u00e9sistes marocains, ce [&hellip;]<\/p>\n","protected":false},"author":1788,"featured_media":0,"comment_status":"closed","ping_status":"closed","sticky":false,"template":"","format":"standard","meta":{"fifu_image_url":"http:\/\/www.mapmarrakech.ma\/map\/uploads\/2021\/11\/congr\u00e9s-m\u00e9dical-RAK-copier.jpg","fifu_image_alt":"AFARCOT: Journ\u00e9es scientifiques sur l\u2019anesth\u00e9sie locor\u00e9gionale","footnotes":""},"categories":[54,76],"tags":[],"class_list":["post-132804","post","type-post","status-publish","format-standard","hentry","category-maroc","category-regions"],"_links":{"self":[{"href":"https:\/\/linitiative.ca\/International\/wp-json\/wp\/v2\/posts\/132804","targetHints":{"allow":["GET"]}}],"collection":[{"href":"https:\/\/linitiative.ca\/International\/wp-json\/wp\/v2\/posts"}],"about":[{"href":"https:\/\/linitiative.ca\/International\/wp-json\/wp\/v2\/types\/post"}],"author":[{"embeddable":true,"href":"https:\/\/linitiative.ca\/International\/wp-json\/wp\/v2\/users\/1788"}],"replies":[{"embeddable":true,"href":"https:\/\/linitiative.ca\/International\/wp-json\/wp\/v2\/comments?post=132804"}],"version-history":[{"count":0,"href":"https:\/\/linitiative.ca\/International\/wp-json\/wp\/v2\/posts\/132804\/revisions"}],"wp:attachment":[{"href":"https:\/\/linitiative.ca\/International\/wp-json\/wp\/v2\/media?parent=132804"}],"wp:term":[{"taxonomy":"category","embeddable":true,"href":"https:\/\/linitiative.ca\/International\/wp-json\/wp\/v2\/categories?post=132804"},{"taxonomy":"post_tag","embeddable":true,"href":"https:\/\/linitiative.ca\/International\/wp-json\/wp\/v2\/tags?post=132804"}],"curies":[{"name":"wp","href":"https:\/\/api.w.org\/{rel}","templated":true}]}}