{"id":132810,"date":"2021-11-13T13:24:36","date_gmt":"2021-11-13T18:24:36","guid":{"rendered":"https:\/\/linitiative.ca\/International\/marche-verte-fete-de-lindependance-focus-sur-les-dimensions-historiques\/"},"modified":"2021-11-13T13:24:36","modified_gmt":"2021-11-13T18:24:36","slug":"marche-verte-fete-de-lindependance-focus-sur-les-dimensions-historiques","status":"publish","type":"post","link":"https:\/\/linitiative.ca\/International\/marche-verte-fete-de-lindependance-focus-sur-les-dimensions-historiques\/","title":{"rendered":"Marche Verte\/F\u00eate de l\u2019Ind\u00e9pendance: Focus sur les dimensions historiques"},"content":{"rendered":"<div>\n<div style=\"margin-bottom:20px;\"><img loading=\"lazy\" decoding=\"async\" width=\"750\" height=\"430\" src=\"https:\/\/linitiative.ca\/International\/wp-content\/uploads\/sites\/23\/2021\/11\/colloque-copier.jpg\" class=\"attachment-post-thumbnail size-post-thumbnail wp-post-image\" alt=\"\" srcset=\"https:\/\/linitiative.ca\/International\/wp-content\/uploads\/sites\/23\/2021\/11\/colloque-copier.jpg 750w, http:\/\/www.mapmarrakech.ma\/map\/uploads\/2021\/11\/colloque-copier-300x172.jpg 300w\" sizes=\"auto, (max-width: 750px) 100vw, 750px\"><\/div>\n<p>Les intervenants \u00e0 cette rencontre, organis\u00e9e par la Direction r\u00e9gionale de la culture de Marrakech-Safi, \u00e0 l\u2019occasion de la c\u00e9l\u00e9bration du 46\u00e8 anniversaire de la Marche Verte et du 66\u00e8 anniversaire de l\u2019Ind\u00e9pendance du Maroc, ont \u00e9t\u00e9 unanimes \u00e0 souligner que ces deux \u00e9v\u00e9nements phares dans l\u2019histoire contemporaine du Maroc traduisent la symbiose entre le Tr\u00f4ne Alaouite et le peuple marocain dans la lutte pour le recouvrement de la souverainet\u00e9 nationale et le parach\u00e8vement de l\u2019int\u00e9grit\u00e9 territoriale.<\/p>\n<p>Les intervenants ont aussi relev\u00e9 que la comm\u00e9moration de la f\u00eate de l\u2019Ind\u00e9pendance repr\u00e9sente une occasion pour rendre hommage aux sacrifices du Tr\u00f4ne alaouite et du peuple marocain pour s\u2019extirper du joug du colonialisme, alors que la Marche Verte constitue une illustration \u00e9clatante du g\u00e9nie politique de Feu SM Hassan II, et du choix pacifique adopt\u00e9 par le Royaume afin de r\u00e9cup\u00e9rer ses provinces du Sud.<\/p>\n<p>Intervenant \u00e0 cette occasion, le Directeur r\u00e9gional de la culture de Marrakech-Safi, M. Azzouz Boujamid, a mis l\u2019accent sur la symbolique des ces deux \u00e9v\u00e9nements phares dans l\u2019histoire du Maroc contemporain, notamment dans le contexte actuel o\u00f9 le Maroc a engrang\u00e9 des succ\u00e8s diplomatiques retentissants avec la reconnaissance am\u00e9ricaine de la Souverainet\u00e9 du Maroc sur ses provinces du Sud, la s\u00e9curisation du passage de Guerguerat et l\u2019ouverture de plus de 24 consulats \u00e0 La\u00e2youne et Dakhla.<\/p>\n<p>Dans une allocution lue en son nom, M. Boujamid a \u00a0soulign\u00e9 que la c\u00e9l\u00e9bration de ces deux \u00e9v\u00e9nements historiques vise \u00e0 rapprocher ces \u00e9pop\u00e9es des g\u00e9n\u00e9rations actuelles et \u00e0 relier le pass\u00e9 glorieux du Royaume \u00e0 son pr\u00e9sent et \u00e0 son avenir.<\/p>\n<p>Elle vise aussi \u00e0 mettre en exergue la l\u00e9gitimit\u00e9 de la Marocanit\u00e9 du Sahara, qui est non-n\u00e9gociable, et la pertinence du plan d\u2019autonomie des provinces du Sud sous la souverainet\u00e9 du Maroc, seule option pour une solution d\u00e9finitive \u00e0 ce diff\u00e9rend artificiel, a-t-il ajout\u00e9.<\/p>\n<p>De son c\u00f4t\u00e9, l\u2019enseignante de l\u2019Histoire moderne \u00e0 l\u2019Universit\u00e9 Cadi Ayyad de Marrakech, Mme Khadija Kbakbi Yaacoubi, a donn\u00e9 une lecture du manuscrit de Sidi Brahim Al Massi, dont la date de r\u00e9daction remonte \u00e0 1834, sur demande de l\u2019envoy\u00e9 am\u00e9ricain, qui voulait renouveler le trait\u00e9 de paix et de commerce entre le Maroc et les Etats-Unis.<\/p>\n<p>Ce manuscrit a \u00e9t\u00e9 \u00e9crit en langue amazighe avant d\u2019\u00eatre traduit en arabe et envoy\u00e9 \u00e0 la Royal Asiatic Society (Londres), a-t-elle pr\u00e9cis\u00e9, relevant que ce document historique d\u2019une grande importance d\u00e9voil\u00e9 au public marocain par le chercheur Omar Afa, illustre les liens historiques entre le Sahara et les Sultans Alaouites, et atteste de la continuit\u00e9 historique des relations politiques, religieuses et spirituelles entre les habitants du Sahara et les Sultans Alaouites.<\/p>\n<p>Dans une intervention intitul\u00e9e \u00ab\u00a0Le Sahara marocain, r\u00e9alit\u00e9 et perspectives\u00a0\u00bb, l\u2019enseignant universitaire Hassan Mazouni a relev\u00e9 que les diff\u00e9rents documents historiques attestent que les provinces du Sud ont \u00e9t\u00e9 une partie int\u00e9grante du Maroc depuis les Idrissides, alors que les tribus sahraouies \u00e9taient li\u00e9es par des liens d\u2019all\u00e9geance aux Sultans Alaouites.<\/p>\n<p>Ce chercheur a consacr\u00e9 une partie de son intervention aux discours Royaux \u00e0 travers la nouvelle politique de SM le Roi Mohammed VI visant \u00e0 trouver une solution d\u00e9finitive \u00e0 ce diff\u00e9rend artificiel et \u00e0 enclencher une dynamique socio\u00e9conomique globale dans ces provinces.<\/p>\n<p>A cette occasion, le directeur r\u00e9gional du d\u00e9partement de la \u00a0communication, M. Abdelmajid Abbada, a pr\u00e9sent\u00e9 une s\u00e9rie de photos rares relatant les moments phares de l\u2019\u00e9pop\u00e9e de la Marche Verte.<\/p>\n<p>The post <a rel=\"nofollow\" href=\"http:\/\/www.mapmarrakech.ma\/fr\/marche-verte-fete-de-lindependance-focus-sur-les-dimensions-historiques\/\">Marche Verte\/F\u00eate de l\u2019Ind\u00e9pendance: Focus sur les dimensions historiques<\/a> appeared first on <a rel=\"nofollow\" href=\"http:\/\/www.mapmarrakech.ma\/fr\">MapMarrakech<\/a>.<\/p>\n<\/div>\n<p>Auteur: Meriem IGASS<br \/>\n<a href=\"http:\/\/www.mapmarrakech.ma\/fr\/marche-verte-fete-de-lindependance-focus-sur-les-dimensions-historiques\/\">Cliquez ici pour lire l&rsquo;article depuis sa source.<\/a><\/p>\n","protected":false},"excerpt":{"rendered":"<p>Les intervenants \u00e0 cette rencontre, organis\u00e9e par la Direction r\u00e9gionale de la culture de Marrakech-Safi, \u00e0 l\u2019occasion de la c\u00e9l\u00e9bration du 46\u00e8 anniversaire de la Marche Verte et du 66\u00e8 anniversaire de l\u2019Ind\u00e9pendance du Maroc, ont \u00e9t\u00e9 unanimes \u00e0 souligner que ces deux \u00e9v\u00e9nements phares dans l\u2019histoire contemporaine du Maroc traduisent la symbiose entre le [&hellip;]<\/p>\n","protected":false},"author":1788,"featured_media":0,"comment_status":"closed","ping_status":"closed","sticky":false,"template":"","format":"standard","meta":{"fifu_image_url":"http:\/\/www.mapmarrakech.ma\/map\/uploads\/2021\/11\/colloque-copier.jpg","fifu_image_alt":"Marche Verte\/F\u00eate de l\u2019Ind\u00e9pendance: Focus sur les dimensions historiques","footnotes":""},"categories":[54,76],"tags":[],"class_list":["post-132810","post","type-post","status-publish","format-standard","hentry","category-maroc","category-regions"],"_links":{"self":[{"href":"https:\/\/linitiative.ca\/International\/wp-json\/wp\/v2\/posts\/132810","targetHints":{"allow":["GET"]}}],"collection":[{"href":"https:\/\/linitiative.ca\/International\/wp-json\/wp\/v2\/posts"}],"about":[{"href":"https:\/\/linitiative.ca\/International\/wp-json\/wp\/v2\/types\/post"}],"author":[{"embeddable":true,"href":"https:\/\/linitiative.ca\/International\/wp-json\/wp\/v2\/users\/1788"}],"replies":[{"embeddable":true,"href":"https:\/\/linitiative.ca\/International\/wp-json\/wp\/v2\/comments?post=132810"}],"version-history":[{"count":0,"href":"https:\/\/linitiative.ca\/International\/wp-json\/wp\/v2\/posts\/132810\/revisions"}],"wp:attachment":[{"href":"https:\/\/linitiative.ca\/International\/wp-json\/wp\/v2\/media?parent=132810"}],"wp:term":[{"taxonomy":"category","embeddable":true,"href":"https:\/\/linitiative.ca\/International\/wp-json\/wp\/v2\/categories?post=132810"},{"taxonomy":"post_tag","embeddable":true,"href":"https:\/\/linitiative.ca\/International\/wp-json\/wp\/v2\/tags?post=132810"}],"curies":[{"name":"wp","href":"https:\/\/api.w.org\/{rel}","templated":true}]}}