{"id":132812,"date":"2021-11-12T18:57:47","date_gmt":"2021-11-12T23:57:47","guid":{"rendered":"https:\/\/linitiative.ca\/International\/rencontre-au-conseil-de-la-region-autour-de-la-lutte-contre-le-chomage\/"},"modified":"2021-11-12T18:57:47","modified_gmt":"2021-11-12T23:57:47","slug":"rencontre-au-conseil-de-la-region-autour-de-la-lutte-contre-le-chomage","status":"publish","type":"post","link":"https:\/\/linitiative.ca\/International\/rencontre-au-conseil-de-la-region-autour-de-la-lutte-contre-le-chomage\/","title":{"rendered":"Rencontre au Conseil de la r\u00e9gion autour de la lutte contre le ch\u00f4mage"},"content":{"rendered":"<div>\n<div style=\"margin-bottom:20px;\"><img loading=\"lazy\" decoding=\"async\" width=\"750\" height=\"430\" src=\"https:\/\/linitiative.ca\/International\/wp-content\/uploads\/sites\/23\/2021\/11\/Conseil-de-la-RC3A9gion-de-lOriental-M750C397430-MAP.jpg\" class=\"attachment-post-thumbnail size-post-thumbnail wp-post-image\" alt=\"\" srcset=\"https:\/\/linitiative.ca\/International\/wp-content\/uploads\/sites\/23\/2021\/11\/Conseil-de-la-RC3A9gion-de-lOriental-M750C397430-MAP.jpg 750w, http:\/\/www.mapoujda.ma\/map\/uploads\/2021\/10\/Conseil-de-la-R\u00e9gion-de-lOriental-M750\u00d7430-MAP-300x172.jpg 300w\" sizes=\"auto, (max-width: 750px) 100vw, 750px\"><\/div>\n<div>\n<p style=\"text-align: justify;\">Le si\u00e8ge du Conseil de la r\u00e9gion de l\u2019Oriental (CRO) \u00e0 Oujda a accueilli, vendredi, une rencontre avec le ministre de l\u2019Inclusion \u00e9conomique, de la petite entreprise, de l\u2019emploi et des comp\u00e9tences, Younes Sekkouri et la d\u00e9l\u00e9gation l\u2019accompagnant, ax\u00e9e sur l\u2019examen des moyens de r\u00e9duire le ch\u00f4mage.<\/p>\n<p style=\"text-align: justify;\">Selon un communiqu\u00e9 du CRO, cette rencontre s\u2019est tenue sous la pr\u00e9sidence du pr\u00e9sident du Conseil, Abdenbi Bioui, en pr\u00e9sence du wali de la r\u00e9gion de l\u2019Oriental, gouverneur de la pr\u00e9fecture d\u2019Oujda-Angad, Mouad El Jamai, des vice-pr\u00e9sidents du Conseil, des membres de ses commissions permanentes et des pr\u00e9sidents des groupes.<\/p>\n<p style=\"text-align: justify;\">La r\u00e9union, tenue en pr\u00e9sence \u00e9galement du pr\u00e9sident de l\u2019Universit\u00e9 Mohammed Premier d\u2019Oujda, du directeur g\u00e9n\u00e9ral du Centre r\u00e9gional d\u2019investissement de l\u2019Oriental et des chefs des services d\u00e9centralis\u00e9s, a \u00e9t\u00e9 une occasion pour les membres du CRO pour examiner avec M. Sekkouri les contraintes et obstacles que connaissent les habitants de l\u2019Oriental en mati\u00e8re de ch\u00f4mage.<\/p>\n<p style=\"text-align: justify;\">Les membres du CRO ont ainsi demand\u00e9 au ministre d\u2019accorder \u00e0 la r\u00e9gion de l\u2019Oriental une importance particuli\u00e8re dans le domaine de la promotion de la petite entreprise, afin de contribuer \u00e0 la cr\u00e9ation de postes d\u2019emplois, ajoute le communiqu\u00e9.<\/p>\n<p style=\"text-align: justify;\">Dans une d\u00e9claration en marge de cette rencontre, M. Bioui a soulign\u00e9 que la visite de M. Sekkouri dans l\u2019Oriental constitue \u00abun \u00e9v\u00e8nement important, compte tenu du probl\u00e8me s\u00e9rieux que connait la r\u00e9gion dans le domaine de l\u2019emploi\u00bb.<\/p>\n<p style=\"text-align: justify;\">Le ministre a interagi positivement avec les requ\u00eates de l\u2019ensemble des intervenants, s\u2019est-il f\u00e9licit\u00e9, affirmant que le CRO sera le premier \u00e0 signer une convention visant la mise en \u0153uvre du programme d\u2019action du gouvernement dans ce domaine.<\/p>\n<p style=\"text-align: justify;\">M. Bioui a aussi indiqu\u00e9 que le ministre a accept\u00e9 la proposition de cr\u00e9ation d\u2019un centre de formation des conducteurs d\u2019engins, sachant que la r\u00e9gion dispose d\u2019un centre r\u00e9gional d\u2019engins de chantier utilis\u00e9 pour d\u00e9senclaver le monde rural, qui sera mis \u00e0 la disposition du futur centre de formation pour les besoins des formations pratiques.<\/p>\n<p style=\"text-align: justify;\">Plus t\u00f4t dans la journ\u00e9e, M. Bioui a pris part, au si\u00e8ge de la wilaya de l\u2019Oriental, \u00e0 la rencontre de concertation autour de la mise en \u0153uvre du programme gouvernemental 2021-2026 en mati\u00e8re d\u2019inclusion \u00e9conomique et de soutien aux initiatives individuelles.<\/p>\n<p style=\"text-align: justify;\">Dans une allocution lors de cette rencontre, M. Bioui a soulign\u00e9 que l\u2019emploi figure parmi les missions partag\u00e9es du conseil r\u00e9gional, ce qui rend n\u00e9cessaire d\u2019\u00e9laborer les programmes r\u00e9gionaux de l\u2019emploi selon une approche participative et int\u00e9gr\u00e9e, bas\u00e9e sur la responsabilit\u00e9 collective qui n\u00e9cessite l\u2019adh\u00e9sion de tous.<\/p>\n<p style=\"text-align: justify;\">Le CRO est soucieux de garantir le succ\u00e8s des diff\u00e9rents programmes visant \u00e0 multiplier les opportunit\u00e9s d\u2019emploi notamment pour les jeunes et les femmes, et soutient tous les plans ayant pour objectifs d\u2019am\u00e9liorer le climat des affaires, renforcer et d\u00e9velopper les comp\u00e9tences dans le domaine des entreprises et de l\u2019auto-emploi, afin de faire de l\u2019Oriental un p\u00f4le d\u2019excellence pour l\u2019installation des investissements et un espace d\u2019interaction des politiques et des strat\u00e9gies, a-t-il dit.<\/p>\n<p style=\"text-align: justify;\">Par ailleurs, M. Bioui a rappel\u00e9 que durant le dernier mandat, le CRO a r\u00e9ussi \u00e0 inclure \u00e9conomiquement un nombre important de jeunes et ce en am\u00e9liorant leur encadrement, ajoutant que le Conseil a, \u00e0 cet effet, renforc\u00e9 ses liens contractuels en signant un ensemble de conventions visant l\u2019accompagnement des jeunes, leur encadrement et leur formation pour contribuer au succ\u00e8s des parcours entrepreneuriaux.<\/p>\n<p style=\"text-align: justify;\">Il a \u00e9galement mis en exergue l\u2019adh\u00e9sion continue du Conseil au programme \u00abIntelaka\u00bb et la conclusion de m\u00e9morandums d\u2019entente et conventions pour le soutien et la promotion de l\u2019investissement, cr\u00e9ateur de richesse et d\u2019opportunit\u00e9s d\u2019emploi.<\/p>\n<p style=\"text-align: justify;\">Et pour poursuivre la politique d\u2019encouragement de l\u2019investissement et de soutien aux petites entreprises et aux auto-entrepreneurs, a poursuivi M Bioui, le CRO s\u2019att\u00e8le \u00e0 la mise en place d\u2019une nouvelle version de cahiers de charge, adapt\u00e9e aux nouveaut\u00e9s et mutations \u00e9conomiques et prenant en consid\u00e9ration le Nouveau mod\u00e8le de d\u00e9veloppement.<\/p>\n<p style=\"text-align: justify;\">Ces mesures incitatives sont de nature \u00e0 encourager et attirer un certain nombre d\u2019investissements, ainsi qu\u2019\u00e0 garantir l\u2019inclusion \u00e9conomique d\u2019un grand nombre de jeunes et de femmes, a-t-il relev\u00e9.<\/p>\n<p style=\"text-align: justify;\">Le pr\u00e9sident du CRO a saisi l\u2019occasion de cette r\u00e9union de concertation pour saluer la collaboration efficiente et les efforts substantiels du wali de la r\u00e9gion de l\u2019Oriental et de l\u2019ensemble des partenaires institutionnels et intervenants dans le d\u00e9veloppement territorial.<\/p>\n<p style=\"text-align: justify;\">En outre, M. Bioui a soulign\u00e9 que le Conseil, conscient qu\u2019il est de l\u2019importance du capital humain et de son r\u00f4le dans le d\u00e9veloppement durable, a adh\u00e9r\u00e9 d\u00e8s le d\u00e9but \u00e0 l\u2019ensemble des programmes de formation, dont le programme \u00abComp\u00e9tences pour tous\u00bb, qui a constitu\u00e9 un espace de concertation et de coordination entre l\u2019ensemble des intervenants dans la formation professionnelle.<\/p>\n<p style=\"text-align: justify;\">Il a aussi affirm\u00e9 la poursuite du soutien \u00e0 l\u2019innovation visant \u00e0 lib\u00e9rer les \u00e9nergies et contribuer \u00e0 l\u2019am\u00e9lioration du climat des affaires.<\/p>\n<p style=\"text-align: justify;\">De m\u00eame, M. Bioui a soulign\u00e9 que le CRO, aux c\u00f4t\u00e9s de ses partenaires strat\u00e9giques, a entam\u00e9 le nouveau mandat par la signature d\u2019une convention portant sur l\u2019installation d\u2019une usine de c\u00e2blage automobile devant permettre la cr\u00e9ation de 3.500 emplois.<\/p>\n<p style=\"text-align: justify;\">A noter que le Conseil a d\u00e9j\u00e0 mis en place un cahier de charges d\u00e9di\u00e9 \u00e0 la promotion de l\u2019investissement, ce qui a contribu\u00e9 positivement au lancement d\u2019une dynamique de d\u00e9veloppement qui a b\u00e9n\u00e9fici\u00e9 au tissu entrepreneurial, permettant la cr\u00e9ation de quelque 46.420 postes d\u2019emploi, pour un investissement global de 3 milliards de dirhams (MMDH), avec une contribution du CRO de l\u2019ordre de 310 millions de dirhams (MDH).<\/p>\n<p style=\"text-align: justify;\">Dans le m\u00eame sens, le Conseil a apport\u00e9 son soutien aux coop\u00e9ratives en tant qu\u2019entreprises sociales, ce qui a permis de cr\u00e9er des postes d\u2019emploi et des activit\u00e9s g\u00e9n\u00e9ratrices de revenu.<\/p>\n<p style=\"text-align: justify;\">Ainsi, pr\u00e9cise le communiqu\u00e9, quelque 1.146 coop\u00e9ratives ont b\u00e9n\u00e9fici\u00e9 de l\u2019appui du Conseil r\u00e9gional entre 2017 et 2021, pour une enveloppe de 73 MDH.<\/p>\n<\/div>\n<p>L\u2019article <a rel=\"nofollow\" href=\"http:\/\/www.mapoujda.ma\/fr\/rencontre-au-conseil-de-la-region-autour-de-la-lutte-contre-le-chomage\/\">Rencontre au Conseil de la r\u00e9gion autour de la lutte contre le ch\u00f4mage<\/a> est apparu en premier sur <a rel=\"nofollow\" href=\"http:\/\/www.mapoujda.ma\/fr\">MapOujda<\/a>.<\/p>\n<\/div>\n<p>Auteur: Soufiane ELAHMAR<br \/>\n<a href=\"http:\/\/www.mapoujda.ma\/fr\/rencontre-au-conseil-de-la-region-autour-de-la-lutte-contre-le-chomage\/\">Cliquez ici pour lire l&rsquo;article depuis sa source.<\/a><\/p>\n","protected":false},"excerpt":{"rendered":"<p>Le si\u00e8ge du Conseil de la r\u00e9gion de l\u2019Oriental (CRO) \u00e0 Oujda a accueilli, vendredi, une rencontre avec le ministre de l\u2019Inclusion \u00e9conomique, de la petite entreprise, de l\u2019emploi et des comp\u00e9tences, Younes Sekkouri et la d\u00e9l\u00e9gation l\u2019accompagnant, ax\u00e9e sur l\u2019examen des moyens de r\u00e9duire le ch\u00f4mage. Selon un communiqu\u00e9 du CRO, cette rencontre s\u2019est [&hellip;]<\/p>\n","protected":false},"author":1788,"featured_media":0,"comment_status":"closed","ping_status":"closed","sticky":false,"template":"","format":"standard","meta":{"fifu_image_url":"http:\/\/www.mapoujda.ma\/map\/uploads\/2021\/10\/Conseil-de-la-R\u00e9gion-de-lOriental-M750\u00d7430-MAP.jpg","fifu_image_alt":"Rencontre au Conseil de la r\u00e9gion autour de la lutte contre le ch\u00f4mage","footnotes":""},"categories":[54,76],"tags":[],"class_list":["post-132812","post","type-post","status-publish","format-standard","hentry","category-maroc","category-regions"],"_links":{"self":[{"href":"https:\/\/linitiative.ca\/International\/wp-json\/wp\/v2\/posts\/132812","targetHints":{"allow":["GET"]}}],"collection":[{"href":"https:\/\/linitiative.ca\/International\/wp-json\/wp\/v2\/posts"}],"about":[{"href":"https:\/\/linitiative.ca\/International\/wp-json\/wp\/v2\/types\/post"}],"author":[{"embeddable":true,"href":"https:\/\/linitiative.ca\/International\/wp-json\/wp\/v2\/users\/1788"}],"replies":[{"embeddable":true,"href":"https:\/\/linitiative.ca\/International\/wp-json\/wp\/v2\/comments?post=132812"}],"version-history":[{"count":0,"href":"https:\/\/linitiative.ca\/International\/wp-json\/wp\/v2\/posts\/132812\/revisions"}],"wp:attachment":[{"href":"https:\/\/linitiative.ca\/International\/wp-json\/wp\/v2\/media?parent=132812"}],"wp:term":[{"taxonomy":"category","embeddable":true,"href":"https:\/\/linitiative.ca\/International\/wp-json\/wp\/v2\/categories?post=132812"},{"taxonomy":"post_tag","embeddable":true,"href":"https:\/\/linitiative.ca\/International\/wp-json\/wp\/v2\/tags?post=132812"}],"curies":[{"name":"wp","href":"https:\/\/api.w.org\/{rel}","templated":true}]}}