{"id":132817,"date":"2021-11-13T08:30:00","date_gmt":"2021-11-13T13:30:00","guid":{"rendered":"https:\/\/linitiative.ca\/International\/man-city-guardiola-tient-a-sterling\/"},"modified":"2021-11-13T08:30:00","modified_gmt":"2021-11-13T13:30:00","slug":"man-city-guardiola-tient-a-sterling","status":"publish","type":"post","link":"https:\/\/linitiative.ca\/International\/man-city-guardiola-tient-a-sterling\/","title":{"rendered":"Man City : Guardiola tient \u00e0 Sterling !"},"content":{"rendered":"<div>Raheem Sterling ronge son frein sur le banc des rempla\u00e7ants cette saison du c\u00f4t\u00e9 de Manchester City.<\/div>\n<p>Auteur:<br \/>\n<a href=\"https:\/\/www.lebuteur.com\/article\/detail?titre=man-city-guardiola-tient-a-sterling&#038;id=101547\">Cliquez ici pour lire l&rsquo;article depuis sa source.<\/a><\/p>\n","protected":false},"excerpt":{"rendered":"<p>Raheem Sterling ronge son frein sur le banc des rempla\u00e7ants cette saison du c\u00f4t\u00e9 de Manchester City. Auteur: Cliquez ici pour lire l&rsquo;article depuis sa source.<\/p>\n","protected":false},"author":1738,"featured_media":0,"comment_status":"closed","ping_status":"closed","sticky":false,"template":"","format":"standard","meta":{"fifu_image_url":"","fifu_image_alt":"","footnotes":""},"categories":[53,75],"tags":[],"class_list":["post-132817","post","type-post","status-publish","format-standard","hentry","category-algerie","category-sport"],"_links":{"self":[{"href":"https:\/\/linitiative.ca\/International\/wp-json\/wp\/v2\/posts\/132817","targetHints":{"allow":["GET"]}}],"collection":[{"href":"https:\/\/linitiative.ca\/International\/wp-json\/wp\/v2\/posts"}],"about":[{"href":"https:\/\/linitiative.ca\/International\/wp-json\/wp\/v2\/types\/post"}],"author":[{"embeddable":true,"href":"https:\/\/linitiative.ca\/International\/wp-json\/wp\/v2\/users\/1738"}],"replies":[{"embeddable":true,"href":"https:\/\/linitiative.ca\/International\/wp-json\/wp\/v2\/comments?post=132817"}],"version-history":[{"count":0,"href":"https:\/\/linitiative.ca\/International\/wp-json\/wp\/v2\/posts\/132817\/revisions"}],"wp:attachment":[{"href":"https:\/\/linitiative.ca\/International\/wp-json\/wp\/v2\/media?parent=132817"}],"wp:term":[{"taxonomy":"category","embeddable":true,"href":"https:\/\/linitiative.ca\/International\/wp-json\/wp\/v2\/categories?post=132817"},{"taxonomy":"post_tag","embeddable":true,"href":"https:\/\/linitiative.ca\/International\/wp-json\/wp\/v2\/tags?post=132817"}],"curies":[{"name":"wp","href":"https:\/\/api.w.org\/{rel}","templated":true}]}}