{"id":132832,"date":"2021-11-13T03:00:00","date_gmt":"2021-11-13T08:00:00","guid":{"rendered":"https:\/\/linitiative.ca\/International\/tunisie-les-questions-qui-fachent-prix-salaires-et-pouvoir-dachat\/"},"modified":"2021-11-13T03:00:00","modified_gmt":"2021-11-13T08:00:00","slug":"tunisie-les-questions-qui-fachent-prix-salaires-et-pouvoir-dachat","status":"publish","type":"post","link":"https:\/\/linitiative.ca\/International\/tunisie-les-questions-qui-fachent-prix-salaires-et-pouvoir-dachat\/","title":{"rendered":"Tunisie &#8211; Les questions qui f\u00e2chent: prix, salaires et pouvoir d\u2019achat"},"content":{"rendered":"<div><img decoding=\"async\" src=\"https:\/\/linitiative.ca\/International\/wp-content\/uploads\/sites\/23\/2021\/11\/1636733674_article.jpg\" alt=\"Tunisie - Les questions qui f\u00e2chent: prix, salaires et pouvoir d\u2019achat\" align=\"left\">Par Habib Touhami &#8211; Dans quelques semaines tout au plus, le Pr\u00e9sident de la R\u00e9publique et son gouvernement seront\u00a0 conduits \u00e0 rechercher un accord avec les partenaires sociaux sur les prix, les salaires et le pouvoir d\u2019achat. Sans cet accord, l\u2019ex\u00e9cutif ne pourra pas honorer ses engagements \u00e9ventuels aupr\u00e8s des partenaires \u00e9trangers et des institutions financi\u00e8res internationales ou alors il devra passer en force au risque de d\u00e9stabiliser le pays et d\u2019aggraver ses probl\u00e8mes \u00e9conomiques et financiers. Il ne pourra pas non plus assainir les finances publiques, ma\u00eetriser l\u2019endettement et trouver des solutions p\u00e9rennes au d\u00e9ficit des caisses de s\u00e9curit\u00e9 sociale sans &#8230;<\/p>\n<\/div>\n<p>Auteur:<br \/>\n<a href=\"https:\/\/www.leaders.com.tn\/article\/32648-tunisie-les-questions-qui-fachent-prix-salaires-et-pouvoir-d-achat\">Cliquez ici pour lire l&rsquo;article depuis sa source.<\/a><\/p>\n","protected":false},"excerpt":{"rendered":"<p>Par Habib Touhami &#8211; Dans quelques semaines tout au plus, le Pr\u00e9sident de la R\u00e9publique et son gouvernement seront\u00a0 conduits \u00e0 rechercher un accord avec les partenaires sociaux sur les prix, les salaires et le pouvoir d\u2019achat. Sans cet accord, l\u2019ex\u00e9cutif ne pourra pas honorer ses engagements \u00e9ventuels aupr\u00e8s des partenaires \u00e9trangers et des institutions [&hellip;]<\/p>\n","protected":false},"author":1772,"featured_media":0,"comment_status":"closed","ping_status":"closed","sticky":false,"template":"","format":"standard","meta":{"fifu_image_url":"http:\/\/www.leaders.com.tn\/uploads\/content\/thumbnails_small\/1636733674_article.jpg","fifu_image_alt":"Tunisie - Les questions qui f\u00e2chent: prix, salaires et pouvoir d\u2019achat","footnotes":""},"categories":[73,55],"tags":[],"class_list":["post-132832","post","type-post","status-publish","format-standard","hentry","category-actualite","category-tunisie"],"_links":{"self":[{"href":"https:\/\/linitiative.ca\/International\/wp-json\/wp\/v2\/posts\/132832","targetHints":{"allow":["GET"]}}],"collection":[{"href":"https:\/\/linitiative.ca\/International\/wp-json\/wp\/v2\/posts"}],"about":[{"href":"https:\/\/linitiative.ca\/International\/wp-json\/wp\/v2\/types\/post"}],"author":[{"embeddable":true,"href":"https:\/\/linitiative.ca\/International\/wp-json\/wp\/v2\/users\/1772"}],"replies":[{"embeddable":true,"href":"https:\/\/linitiative.ca\/International\/wp-json\/wp\/v2\/comments?post=132832"}],"version-history":[{"count":0,"href":"https:\/\/linitiative.ca\/International\/wp-json\/wp\/v2\/posts\/132832\/revisions"}],"wp:attachment":[{"href":"https:\/\/linitiative.ca\/International\/wp-json\/wp\/v2\/media?parent=132832"}],"wp:term":[{"taxonomy":"category","embeddable":true,"href":"https:\/\/linitiative.ca\/International\/wp-json\/wp\/v2\/categories?post=132832"},{"taxonomy":"post_tag","embeddable":true,"href":"https:\/\/linitiative.ca\/International\/wp-json\/wp\/v2\/tags?post=132832"}],"curies":[{"name":"wp","href":"https:\/\/api.w.org\/{rel}","templated":true}]}}