{"id":132836,"date":"2021-11-13T05:00:00","date_gmt":"2021-11-13T10:00:00","guid":{"rendered":"https:\/\/linitiative.ca\/International\/ramada-19-une-tragedie-en-temps-de-coronavirus\/"},"modified":"2021-11-13T05:00:00","modified_gmt":"2021-11-13T10:00:00","slug":"ramada-19-une-tragedie-en-temps-de-coronavirus","status":"publish","type":"post","link":"https:\/\/linitiative.ca\/International\/ramada-19-une-tragedie-en-temps-de-coronavirus\/","title":{"rendered":"Ramada 19, une trag\u00e9die en temps de coronavirus"},"content":{"rendered":"<div>La g\u00e9n\u00e9rale de la pi\u00e8ce de th\u00e9\u00e2tre Ramada 19, une trag\u00e9die qui explore l\u2019individu et met \u00e0 nu les travers de la soci\u00e9t\u00e9, a \u00e9t\u00e9 pr\u00e9sent\u00e9e \u00e0 Alger, devant un public nombreux, astreint au strict respect des mesures sanitaires.<br \/>\nAccueilli au Th\u00e9\u00e2tre<\/div>\n<p>Auteur:<br \/>\n<a href=\"https:\/\/www.lesoirdalgerie.com\/culture\/ramada-19-une-tragedie-en-temps-de-coronavirus-70414\">Cliquez ici pour lire l&rsquo;article depuis sa source.<\/a><\/p>\n","protected":false},"excerpt":{"rendered":"<p>La g\u00e9n\u00e9rale de la pi\u00e8ce de th\u00e9\u00e2tre Ramada 19, une trag\u00e9die qui explore l\u2019individu et met \u00e0 nu les travers de la soci\u00e9t\u00e9, a \u00e9t\u00e9 pr\u00e9sent\u00e9e \u00e0 Alger, devant un public nombreux, astreint au strict respect des mesures sanitaires. Accueilli au Th\u00e9\u00e2tre Auteur: Cliquez ici pour lire l&rsquo;article depuis sa source.<\/p>\n","protected":false},"author":1741,"featured_media":0,"comment_status":"closed","ping_status":"closed","sticky":false,"template":"","format":"standard","meta":{"fifu_image_url":"","fifu_image_alt":"","footnotes":""},"categories":[73,53],"tags":[],"class_list":["post-132836","post","type-post","status-publish","format-standard","hentry","category-actualite","category-algerie"],"_links":{"self":[{"href":"https:\/\/linitiative.ca\/International\/wp-json\/wp\/v2\/posts\/132836","targetHints":{"allow":["GET"]}}],"collection":[{"href":"https:\/\/linitiative.ca\/International\/wp-json\/wp\/v2\/posts"}],"about":[{"href":"https:\/\/linitiative.ca\/International\/wp-json\/wp\/v2\/types\/post"}],"author":[{"embeddable":true,"href":"https:\/\/linitiative.ca\/International\/wp-json\/wp\/v2\/users\/1741"}],"replies":[{"embeddable":true,"href":"https:\/\/linitiative.ca\/International\/wp-json\/wp\/v2\/comments?post=132836"}],"version-history":[{"count":0,"href":"https:\/\/linitiative.ca\/International\/wp-json\/wp\/v2\/posts\/132836\/revisions"}],"wp:attachment":[{"href":"https:\/\/linitiative.ca\/International\/wp-json\/wp\/v2\/media?parent=132836"}],"wp:term":[{"taxonomy":"category","embeddable":true,"href":"https:\/\/linitiative.ca\/International\/wp-json\/wp\/v2\/categories?post=132836"},{"taxonomy":"post_tag","embeddable":true,"href":"https:\/\/linitiative.ca\/International\/wp-json\/wp\/v2\/tags?post=132836"}],"curies":[{"name":"wp","href":"https:\/\/api.w.org\/{rel}","templated":true}]}}