{"id":132840,"date":"2021-11-13T05:00:00","date_gmt":"2021-11-13T10:00:00","guid":{"rendered":"https:\/\/linitiative.ca\/International\/avocats-de-tous-les-pays\/"},"modified":"2021-11-13T05:00:00","modified_gmt":"2021-11-13T10:00:00","slug":"avocats-de-tous-les-pays","status":"publish","type":"post","link":"https:\/\/linitiative.ca\/International\/avocats-de-tous-les-pays\/","title":{"rendered":"Avocats de tous les pays\u2026"},"content":{"rendered":"<div>L&rsquo;Union internationale des avocats vient d&rsquo;adresser \u00e0 l&rsquo;Union nationale des barreaux alg\u00e9riens une invitation afin qu&rsquo;elle y adh\u00e8re. Dans sa lettre, le pr\u00e9sident de l&rsquo;organisation<\/div>\n<p>Auteur:<br \/>\n<a href=\"https:\/\/www.lesoirdalgerie.com\/periscoop\/avocats-de-tous-les-pays-70410\">Cliquez ici pour lire l&rsquo;article depuis sa source.<\/a><\/p>\n","protected":false},"excerpt":{"rendered":"<p>L&rsquo;Union internationale des avocats vient d&rsquo;adresser \u00e0 l&rsquo;Union nationale des barreaux alg\u00e9riens une invitation afin qu&rsquo;elle y adh\u00e8re. Dans sa lettre, le pr\u00e9sident de l&rsquo;organisation Auteur: Cliquez ici pour lire l&rsquo;article depuis sa source.<\/p>\n","protected":false},"author":1741,"featured_media":0,"comment_status":"closed","ping_status":"closed","sticky":false,"template":"","format":"standard","meta":{"fifu_image_url":"","fifu_image_alt":"","footnotes":""},"categories":[73,53],"tags":[],"class_list":["post-132840","post","type-post","status-publish","format-standard","hentry","category-actualite","category-algerie"],"_links":{"self":[{"href":"https:\/\/linitiative.ca\/International\/wp-json\/wp\/v2\/posts\/132840","targetHints":{"allow":["GET"]}}],"collection":[{"href":"https:\/\/linitiative.ca\/International\/wp-json\/wp\/v2\/posts"}],"about":[{"href":"https:\/\/linitiative.ca\/International\/wp-json\/wp\/v2\/types\/post"}],"author":[{"embeddable":true,"href":"https:\/\/linitiative.ca\/International\/wp-json\/wp\/v2\/users\/1741"}],"replies":[{"embeddable":true,"href":"https:\/\/linitiative.ca\/International\/wp-json\/wp\/v2\/comments?post=132840"}],"version-history":[{"count":0,"href":"https:\/\/linitiative.ca\/International\/wp-json\/wp\/v2\/posts\/132840\/revisions"}],"wp:attachment":[{"href":"https:\/\/linitiative.ca\/International\/wp-json\/wp\/v2\/media?parent=132840"}],"wp:term":[{"taxonomy":"category","embeddable":true,"href":"https:\/\/linitiative.ca\/International\/wp-json\/wp\/v2\/categories?post=132840"},{"taxonomy":"post_tag","embeddable":true,"href":"https:\/\/linitiative.ca\/International\/wp-json\/wp\/v2\/tags?post=132840"}],"curies":[{"name":"wp","href":"https:\/\/api.w.org\/{rel}","templated":true}]}}