{"id":132841,"date":"2021-11-13T10:49:57","date_gmt":"2021-11-13T15:49:57","guid":{"rendered":"https:\/\/linitiative.ca\/International\/ryanair-livre-plus-de-details-sur-sa-nouvelle-base-au-maroc\/"},"modified":"2021-11-13T10:49:57","modified_gmt":"2021-11-13T15:49:57","slug":"ryanair-livre-plus-de-details-sur-sa-nouvelle-base-au-maroc","status":"publish","type":"post","link":"https:\/\/linitiative.ca\/International\/ryanair-livre-plus-de-details-sur-sa-nouvelle-base-au-maroc\/","title":{"rendered":"Ryanair livre plus de d\u00e9tails sur sa nouvelle base au Maroc"},"content":{"rendered":"<div><img decoding=\"async\" width=\"1200\" height=\"700\" src=\"https:\/\/linitiative.ca\/International\/wp-content\/uploads\/sites\/23\/2021\/11\/rya-1.jpg\" class=\"attachment-post-thumbnail size-post-thumbnail wp-post-image\" alt=\"\" loading=\"lazy\" srcset=\"https:\/\/linitiative.ca\/International\/wp-content\/uploads\/sites\/23\/2021\/11\/rya-1.jpg 1200w, https:\/\/www.challenge.ma\/wp-content\/uploads\/2021\/11\/rya-1-300x175.jpg 300w, https:\/\/www.challenge.ma\/wp-content\/uploads\/2021\/11\/rya-1-1024x597.jpg 1024w, https:\/\/www.challenge.ma\/wp-content\/uploads\/2021\/11\/rya-1-768x448.jpg 768w, https:\/\/www.challenge.ma\/wp-content\/uploads\/2021\/11\/rya-1-360x210.jpg 360w, https:\/\/www.challenge.ma\/wp-content\/uploads\/2021\/11\/rya-1-750x438.jpg 750w\" sizes=\"auto, (max-width: 1200px) 100vw, 1200px\" itemprop=\"image\">Plus t\u00f4t dans la semaine, la compagnie irlandaise low-cost Ryanair annon\u00e7ait l\u2019ouverture d\u2019une nouvelle base \u00e0 l\u2019a\u00e9roport international d\u2019Agadir Al-Massira (AGA) au Maroc. Dans un communiqu\u00e9 de la compagnie publi\u00e9 le 10 novembre 2021, la compagnie a\u00e9rienne bas\u00e9e \u00e0 Dublin a d\u00e9clar\u00e9 que sa nouvelle base marocaine signifiait son engagement<\/div>\n<p>Auteur: challenge<br \/>\n<a href=\"https:\/\/www.challenge.ma\/ryanair-livre-plus-de-details-sur-sa-nouvelle-base-au-maroc-225971\/\">Cliquez ici pour lire l&rsquo;article depuis sa source.<\/a><\/p>\n","protected":false},"excerpt":{"rendered":"<p>Plus t\u00f4t dans la semaine, la compagnie irlandaise low-cost Ryanair annon\u00e7ait l\u2019ouverture d\u2019une nouvelle base \u00e0 l\u2019a\u00e9roport international d\u2019Agadir Al-Massira (AGA) au Maroc. Dans un communiqu\u00e9 de la compagnie publi\u00e9 le 10 novembre 2021, la compagnie a\u00e9rienne bas\u00e9e \u00e0 Dublin a d\u00e9clar\u00e9 que sa nouvelle base marocaine signifiait son engagement Auteur: challenge Cliquez ici pour [&hellip;]<\/p>\n","protected":false},"author":1787,"featured_media":0,"comment_status":"closed","ping_status":"closed","sticky":false,"template":"","format":"standard","meta":{"fifu_image_url":"https:\/\/www.challenge.ma\/wp-content\/uploads\/2021\/11\/rya-1.jpg","fifu_image_alt":"Ryanair livre plus de d\u00e9tails sur sa nouvelle base au Maroc","footnotes":""},"categories":[78,54],"tags":[],"class_list":["post-132841","post","type-post","status-publish","format-standard","hentry","category-economie","category-maroc"],"_links":{"self":[{"href":"https:\/\/linitiative.ca\/International\/wp-json\/wp\/v2\/posts\/132841","targetHints":{"allow":["GET"]}}],"collection":[{"href":"https:\/\/linitiative.ca\/International\/wp-json\/wp\/v2\/posts"}],"about":[{"href":"https:\/\/linitiative.ca\/International\/wp-json\/wp\/v2\/types\/post"}],"author":[{"embeddable":true,"href":"https:\/\/linitiative.ca\/International\/wp-json\/wp\/v2\/users\/1787"}],"replies":[{"embeddable":true,"href":"https:\/\/linitiative.ca\/International\/wp-json\/wp\/v2\/comments?post=132841"}],"version-history":[{"count":0,"href":"https:\/\/linitiative.ca\/International\/wp-json\/wp\/v2\/posts\/132841\/revisions"}],"wp:attachment":[{"href":"https:\/\/linitiative.ca\/International\/wp-json\/wp\/v2\/media?parent=132841"}],"wp:term":[{"taxonomy":"category","embeddable":true,"href":"https:\/\/linitiative.ca\/International\/wp-json\/wp\/v2\/categories?post=132841"},{"taxonomy":"post_tag","embeddable":true,"href":"https:\/\/linitiative.ca\/International\/wp-json\/wp\/v2\/tags?post=132841"}],"curies":[{"name":"wp","href":"https:\/\/api.w.org\/{rel}","templated":true}]}}