{"id":132857,"date":"2021-11-13T09:33:56","date_gmt":"2021-11-13T14:33:56","guid":{"rendered":"https:\/\/linitiative.ca\/International\/ixeme-edition-du-filep-les-festivaliers-se-recueillent-sur-la-tombe-de-norbert-zongo\/"},"modified":"2021-11-13T09:33:56","modified_gmt":"2021-11-13T14:33:56","slug":"ixeme-edition-du-filep-les-festivaliers-se-recueillent-sur-la-tombe-de-norbert-zongo","status":"publish","type":"post","link":"https:\/\/linitiative.ca\/International\/ixeme-edition-du-filep-les-festivaliers-se-recueillent-sur-la-tombe-de-norbert-zongo\/","title":{"rendered":"IXeme \u00e9dition du FILEP:\u00a0 Les festivaliers se recueillent sur la tombe de Norbert zongo"},"content":{"rendered":"<div>\n<p>Le comit\u00e9 d\u2019organisation du Festival international de la libert\u00e9 d\u2019expression et de la presse (FILEP) a rendu hommage au journaliste Norbert zongo.<\/p>\n<p>Les festivaliers se sont recueillis sur la tombe de Norbert Zongo, ce samedi 13 novembre 2021 au cimeti\u00e8re municipal de Goughin de Ouagadougou. S\u2019en est suivi le d\u00e9p\u00f4t de gerbe de fleurs sur sa tombe. Dans son speech, le pr\u00e9sident du comit\u00e9 d\u2019organisation du Festival, Sidiki Dram\u00e9 a expliqu\u00e9 que l\u2019assassinat de Norbert zongo a \u00e9t\u00e9 un \u00e9l\u00e9ment d\u00e9clencheur pour la cr\u00e9ation du Festival. Pratiquer l\u2019investigation pour plus de justice sociale, est selon M. Dram\u00e9, une mani\u00e8re pour les journalistes, de rendre hommage \u00e0 ce \u00ab combattant \u00bb de la libert\u00e9 de la presse.<\/p>\n<p>En rappel, le fondateur et directeur de la publication de l\u2019hebdomadaire l Ind\u00e9pendant, Norbert zongo a \u00e9t\u00e9 assassin\u00e9 avec ses 3 compagnons le 13 d\u00e9cembre 1998 \u00e0 Sapouy.<\/p>\n<p>AB<\/p>\n<p>L\u2019article <a rel=\"nofollow\" href=\"https:\/\/www.sidwaya.info\/blog\/2021\/11\/13\/ixeme-edition-du-filep-les-festivaliers-se-recueillent-sur-la-tombe-de-norbert-zongo\/\">IXeme \u00e9dition du FILEP:\u00a0 Les festivaliers se recueillent sur la tombe de Norbert zongo<\/a> est apparu en premier sur <a rel=\"nofollow\" href=\"https:\/\/www.sidwaya.info\/\">Quotidien Sidwaya<\/a>.<\/p>\n<\/div>\n<p>Auteur: BANGRE SIDWAYA<br \/>\n<a href=\"https:\/\/www.sidwaya.info\/blog\/2021\/11\/13\/ixeme-edition-du-filep-les-festivaliers-se-recueillent-sur-la-tombe-de-norbert-zongo\/\">Cliquez ici pour lire l&rsquo;article depuis sa source.<\/a><\/p>\n","protected":false},"excerpt":{"rendered":"<p>Le comit\u00e9 d\u2019organisation du Festival international de la libert\u00e9 d\u2019expression et de la presse (FILEP) a rendu hommage au journaliste Norbert zongo. Les festivaliers se sont recueillis sur la tombe de Norbert Zongo, ce samedi 13 novembre 2021 au cimeti\u00e8re municipal de Goughin de Ouagadougou. S\u2019en est suivi le d\u00e9p\u00f4t de gerbe de fleurs sur [&hellip;]<\/p>\n","protected":false},"author":1816,"featured_media":0,"comment_status":"closed","ping_status":"closed","sticky":false,"template":"","format":"standard","meta":{"fifu_image_url":"","fifu_image_alt":"","footnotes":""},"categories":[73,81],"tags":[],"class_list":["post-132857","post","type-post","status-publish","format-standard","hentry","category-actualite","category-burkina-faso"],"_links":{"self":[{"href":"https:\/\/linitiative.ca\/International\/wp-json\/wp\/v2\/posts\/132857","targetHints":{"allow":["GET"]}}],"collection":[{"href":"https:\/\/linitiative.ca\/International\/wp-json\/wp\/v2\/posts"}],"about":[{"href":"https:\/\/linitiative.ca\/International\/wp-json\/wp\/v2\/types\/post"}],"author":[{"embeddable":true,"href":"https:\/\/linitiative.ca\/International\/wp-json\/wp\/v2\/users\/1816"}],"replies":[{"embeddable":true,"href":"https:\/\/linitiative.ca\/International\/wp-json\/wp\/v2\/comments?post=132857"}],"version-history":[{"count":0,"href":"https:\/\/linitiative.ca\/International\/wp-json\/wp\/v2\/posts\/132857\/revisions"}],"wp:attachment":[{"href":"https:\/\/linitiative.ca\/International\/wp-json\/wp\/v2\/media?parent=132857"}],"wp:term":[{"taxonomy":"category","embeddable":true,"href":"https:\/\/linitiative.ca\/International\/wp-json\/wp\/v2\/categories?post=132857"},{"taxonomy":"post_tag","embeddable":true,"href":"https:\/\/linitiative.ca\/International\/wp-json\/wp\/v2\/tags?post=132857"}],"curies":[{"name":"wp","href":"https:\/\/api.w.org\/{rel}","templated":true}]}}