{"id":132858,"date":"2021-11-13T09:44:47","date_gmt":"2021-11-13T14:44:47","guid":{"rendered":"https:\/\/linitiative.ca\/International\/11-decembre-2021-ziniare-zephirin-diabre-appelle-a-la-reconciliation-nationale\/"},"modified":"2021-11-13T09:44:47","modified_gmt":"2021-11-13T14:44:47","slug":"11-decembre-2021-ziniare-zephirin-diabre-appelle-a-la-reconciliation-nationale","status":"publish","type":"post","link":"https:\/\/linitiative.ca\/International\/11-decembre-2021-ziniare-zephirin-diabre-appelle-a-la-reconciliation-nationale\/","title":{"rendered":"11 D\u00e9cembre 2021\u00a0\/Ziniar\u00e9: Z\u00e9phirin Diabr\u00e9 appelle\u00a0 \u00e0 la r\u00e9conciliation nationale"},"content":{"rendered":"<div>\n<p>Le ministre de la R\u00e9conciliation nationale, Z\u00e9phirin Diabr\u00e9 a pr\u00e9sid\u00e9 ce samedi 13 novembre 2021 \u00e0 Ziniar\u00e9 (Plateau Central), la conf\u00e9rence inaugurale de la f\u00eate de l\u2019ind\u00e9pendance 2021, sous le th\u00e8me : (R\u00e9conciliation nationale et coh\u00e9sion sociale : devoir et responsabilit\u00e9 de tous pour un d\u00e9veloppement durable du Burkina Faso). Z\u00e9phirin Diabr\u00e9 s\u2019est r\u00e9joui de la mobilisation des filles et fils de la r\u00e9gion afin que le 11 D\u00e9cembre 2021 soit une r\u00e9ussite.<\/p>\n<p>Il a rendu un vibrant hommage \u00e0 certaines personnalit\u00e9s de cette r\u00e9gion qui \u00e9taient pr\u00e9sentes \u00e0 la c\u00e9r\u00e9monie de la conf\u00e9rence inaugurale (dont\u00a0 Me Pac\u00e9r\u00e9 Titenga, Mahamadi Lamine Kouanda et Nestorine Sangar\u00e9). Il a par ailleurs rendu hommage \u00e0 l\u2019ex pr\u00e9sident Blaise Compaor\u00e9, tous les anciens chefs d\u2019Etat jusqu\u2019au \u00a0pr\u00e9sident Roch Kabor\u00e9. ( L\u2019 espoir est permis pour que ce qui va se passer soit du jamais vu), a affirme Z\u00e9phirin Diabr\u00e9, tout en lan\u00e7ant un appel solennel \u00e0 la r\u00e9conciliation nationale.<\/p>\n<p>AB<\/p>\n<p>L\u2019article <a rel=\"nofollow\" href=\"https:\/\/www.sidwaya.info\/blog\/2021\/11\/13\/11-decembre-2021-ziniare-zephirin-diabre-appelle-a-la-reconciliation-nationale\/\">11 D\u00e9cembre 2021\u00a0\/Ziniar\u00e9: Z\u00e9phirin Diabr\u00e9 appelle\u00a0 \u00e0 la r\u00e9conciliation nationale<\/a> est apparu en premier sur <a rel=\"nofollow\" href=\"https:\/\/www.sidwaya.info\/\">Quotidien Sidwaya<\/a>.<\/p>\n<\/div>\n<p>Auteur: BANGRE SIDWAYA<br \/>\n<a href=\"https:\/\/www.sidwaya.info\/blog\/2021\/11\/13\/11-decembre-2021-ziniare-zephirin-diabre-appelle-a-la-reconciliation-nationale\/\">Cliquez ici pour lire l&rsquo;article depuis sa source.<\/a><\/p>\n","protected":false},"excerpt":{"rendered":"<p>Le ministre de la R\u00e9conciliation nationale, Z\u00e9phirin Diabr\u00e9 a pr\u00e9sid\u00e9 ce samedi 13 novembre 2021 \u00e0 Ziniar\u00e9 (Plateau Central), la conf\u00e9rence inaugurale de la f\u00eate de l\u2019ind\u00e9pendance 2021, sous le th\u00e8me : (R\u00e9conciliation nationale et coh\u00e9sion sociale : devoir et responsabilit\u00e9 de tous pour un d\u00e9veloppement durable du Burkina Faso). Z\u00e9phirin Diabr\u00e9 s\u2019est r\u00e9joui de [&hellip;]<\/p>\n","protected":false},"author":1816,"featured_media":0,"comment_status":"closed","ping_status":"closed","sticky":false,"template":"","format":"standard","meta":{"fifu_image_url":"","fifu_image_alt":"","footnotes":""},"categories":[73,81],"tags":[],"class_list":["post-132858","post","type-post","status-publish","format-standard","hentry","category-actualite","category-burkina-faso"],"_links":{"self":[{"href":"https:\/\/linitiative.ca\/International\/wp-json\/wp\/v2\/posts\/132858","targetHints":{"allow":["GET"]}}],"collection":[{"href":"https:\/\/linitiative.ca\/International\/wp-json\/wp\/v2\/posts"}],"about":[{"href":"https:\/\/linitiative.ca\/International\/wp-json\/wp\/v2\/types\/post"}],"author":[{"embeddable":true,"href":"https:\/\/linitiative.ca\/International\/wp-json\/wp\/v2\/users\/1816"}],"replies":[{"embeddable":true,"href":"https:\/\/linitiative.ca\/International\/wp-json\/wp\/v2\/comments?post=132858"}],"version-history":[{"count":0,"href":"https:\/\/linitiative.ca\/International\/wp-json\/wp\/v2\/posts\/132858\/revisions"}],"wp:attachment":[{"href":"https:\/\/linitiative.ca\/International\/wp-json\/wp\/v2\/media?parent=132858"}],"wp:term":[{"taxonomy":"category","embeddable":true,"href":"https:\/\/linitiative.ca\/International\/wp-json\/wp\/v2\/categories?post=132858"},{"taxonomy":"post_tag","embeddable":true,"href":"https:\/\/linitiative.ca\/International\/wp-json\/wp\/v2\/tags?post=132858"}],"curies":[{"name":"wp","href":"https:\/\/api.w.org\/{rel}","templated":true}]}}