{"id":132864,"date":"2021-11-13T07:18:02","date_gmt":"2021-11-13T12:18:02","guid":{"rendered":"https:\/\/linitiative.ca\/International\/politique-economie-au-menu-des-quotidiens-et-hebdomadaires-marocains\/"},"modified":"2021-11-13T07:18:02","modified_gmt":"2021-11-13T12:18:02","slug":"politique-economie-au-menu-des-quotidiens-et-hebdomadaires-marocains","status":"publish","type":"post","link":"https:\/\/linitiative.ca\/International\/politique-economie-au-menu-des-quotidiens-et-hebdomadaires-marocains\/","title":{"rendered":"Politique, \u00e9conomie au menu des quotidiens et hebdomadaires marocains"},"content":{"rendered":"<div>\n<p><img loading=\"lazy\" decoding=\"async\" width=\"287\" height=\"176\" src=\"https:\/\/linitiative.ca\/International\/wp-content\/uploads\/sites\/23\/2021\/11\/16368058827411.jpg\" class=\"attachment-post-thumbnail size-post-thumbnail wp-post-image\" alt=\"\"><\/p>\n<p>Le discours royal \u00e0 l&rsquo;occasion du 46\u00e8me anniversaire de la Marche verte, l&rsquo;attachement des Marocains \u00e0 l&rsquo;histoire, la suppression progressive de l&rsquo;IS, la conf\u00e9rence de Paris sur la Libye, la r\u00e9forme de la l\u00e9gislation sur les professions d&rsquo;avocat et le commerce interafricain sont les principaux sujets trait\u00e9s par les quotidiens et hebdomadaires marocains parus ce samedi.Abordant le discours royal du 46\u00e8me anniversaire de la Marche Verte, +Finances News Hebdo+ \u00e9crit que les \u00ab\u00a0mots transparents\u00a0\u00bb, \u00ab\u00a0qui ne souffrent d&rsquo;aucune ambigu\u00eft\u00e9\u00a0\u00bb, utilis\u00e9s dans le discours de la Marche verte, confirment \u00ab\u00a0l&rsquo;intransigeance\u00a0\u00bb du Royaume autour de la marocanit\u00e9 du Sahara, qui \u00ab\u00a0ne peut faire ni l&rsquo;objet de compromis ni \u00eatre sujette \u00e0 un quelconque marchandage\u00a0\u00bb.<\/p>\n<p>Ceux qui croyaient le contraire \u00ab\u00a0se trompent lourdement\u00a0\u00bb et \u00ab\u00a0doivent convoquer leur bon sens\u00a0\u00bb pour se r\u00e9soudre d\u00e9finitivement \u00e0 \u00ab\u00a0faire leur cette v\u00e9rit\u00e9 historique\u00a0\u00bb, afin de mettre fin \u00e0 \u00ab\u00a0cette farce trop longtemps entretenue\u00a0\u00bb par les ennemis du Royaume, note-t-il.<\/p>\n<p>Pour +La Nouvelle Tribune+, le discours royal a r\u00e9it\u00e9r\u00e9 \u00ab\u00a0avec force\u00a0\u00bb les principaux axes qui constituent la cl\u00e9 de vo\u00fbte de notre position nationale sur la marocanit\u00e9 du Sahara.<\/p>\n<p>En cette occasion, le Souverain n&rsquo;a pas manqu\u00e9 de rappeler les constantes de la position marocaine depuis 1975 sur cette question fondamentale pour tous les Marocains, rel\u00e8ve l&rsquo;hebdomadaire, soulignant que les constats \u00ab\u00a0d\u00e9notent de la d\u00e9marche pacifique et volontaire\u00a0\u00bb du Maroc dans le r\u00e8glement de ce conflit, artificiellement entretenu par les ennemis de la cause nationale.<\/p>\n<p>De m\u00eame, ce discours vient \u00e0 point nomm\u00e9 rappeler \u00e0 qui veut bien l&rsquo;entendre, que les \u00ab\u00a0vell\u00e9it\u00e9s guerri\u00e8res\u00a0\u00bb et la \u00ab\u00a0surench\u00e8re verbale\u00a0\u00bb des ennemis de la cause nationale qu&rsquo;est le Sahara marocain, seront \u00ab\u00a0syst\u00e9matiquement\u00a0\u00bb confront\u00e9s \u00e0 une \u00ab\u00a0d\u00e9marche marocaine r\u00e9fl\u00e9chie, mature et pacifiste, mais sans concession\u00a0\u00bb, ajoute-t-il.<\/p>\n<p>+Challenge+, qui revient sur l&rsquo;attachement des Marocains \u00e0 l&rsquo;histoire, rel\u00e8ve que cet attachement national n&rsquo;est ni un \u00ab\u00a0narcissisme historique\u00a0\u00bb, ni un \u00ab\u00a0nationalisme exacerb\u00e9\u00a0\u00bb comme certains veulent le qualifier, notant que les comm\u00e9morations des \u00e9v\u00e9nements historiques \u00ab\u00a0peuvent \u00eatre instrumentalis\u00e9es, c&rsquo;est un fait, mais elles rassurent sur le devenir commun\u00a0\u00bb.<\/p>\n<p>N\u00e9anmoins, cette solidarit\u00e9 de la marocanit\u00e9 et cet enracinement de l&rsquo;attachement national ne sont pas une assurance tout risque, pr\u00e9vient le journal, soulignant l&rsquo;imp\u00e9ratif de perp\u00e9tuer la fiert\u00e9 nationale en inculquant l&rsquo;histoire aux \u00e9l\u00e8ves et r\u00e9duisant les d\u00e9ficits sociaux, qui minent la coh\u00e9sion sociale.<\/p>\n<p>+La Vie \u00c9co+ rel\u00e8ve que le projet de loi de finances (PLF) pour 2022 ambitionne, par la mesure de suppression de la progressivit\u00e9 des taux du bar\u00e8me de l&rsquo;imp\u00f4t sur les soci\u00e9t\u00e9s, de mobiliser le plein potentiel fiscal. Cette mesure qui ne fait pas l&rsquo;unanimit\u00e9 chez les professionnels et les experts du domaine devrait drainer davantage de recettes fiscales, lesquelles serviront pour atteindre les objectifs fix\u00e9s par la loi cadre 69-19 portant r\u00e9forme fiscale.<\/p>\n<p>Il s&rsquo;agit, entre autres, du financement des politiques publiques, du d\u00e9veloppement \u00e9conomique, de l&rsquo;inclusion sociale, ainsi que de la distribution efficace et la r\u00e9duction des in\u00e9galit\u00e9s. Pour ce faire, le PLF 2022 propose une alternative consistant \u00e0 d\u00e9velopper un mode de calcul selon des taux professionnels. L&rsquo;objectif est clair: assurer la convergence progressive vers un taux professionnel unifi\u00e9 en mati\u00e8re d&rsquo;IS.<\/p>\n<p>+Le Matin+ rapporet que le ministre des Affaires \u00e9trang\u00e8res, Nasser Bourita repr\u00e9sente le Roi Mohammed VI aux travaux de la Conf\u00e9rence internationale sur la Libye tenue vendredi \u00e0 Paris. L&rsquo;objectif de cette Conf\u00e9rence sera d&rsquo;apporter un soutien international \u00e0 la poursuite de la transition politique engag\u00e9e et \u00e0 la tenue des \u00e9lections selon le calendrier pr\u00e9vu, selon un communiqu\u00e9 de la pr\u00e9sidence fran\u00e7aise.<\/p>\n<p>La participation du Maroc \u00e0 cette conf\u00e9rence internationale s&rsquo;inscrit dans le prolongement de son soutien aux efforts visant \u00e0 rapprocher les diff\u00e9rents points de vue des parties libyennes en vue d&rsquo;instaurer la paix, la concorde et la stabilit\u00e9 de ce pays maghr\u00e9bin fr\u00e8re.<\/p>\n<p>+Al Massae+ fait savoir que le minist\u00e8re de la Justice va bient\u00f4t r\u00e9former la l\u00e9gislation sur les professions d&rsquo;avocat. Un vaste chantier l\u00e9gislatif sera lanc\u00e9 pour revoir les lois r\u00e9glementant l&rsquo;exercice des professions d&rsquo;avocat, de notaire, d&rsquo;huissier de justice, d&rsquo;expert judiciaire et de traducteur agr\u00e9\u00e9 pr\u00e8s les juridictions, a annonc\u00e9 le ministre de la Justice, Abdellatif Ouahbi.<\/p>\n<p>Cette r\u00e9forme concerne la modernisation des m\u00e9canismes de la justice p\u00e9nale et le renforcement des moyens de lutte contre la criminalit\u00e9, \u00e0 travers les projets de r\u00e9vision du Code p\u00e9nal et du Code de proc\u00e9dure p\u00e9nale, la cr\u00e9ation de l&rsquo;Agence nationale de gestion et de recouvrement des fonds et biens saisis et confisqu\u00e9s et le projet du code des droits de l&rsquo;enfant, a soulign\u00e9 le ministre, cit\u00e9 par le quotidien.<\/p>\n<p>+Assaharaa Al Maghribia+ indique que l&rsquo;ambassadeur du Maroc au Kenya, Mokhtar Ghambou, a appel\u00e9, jeudi \u00e0 Nairobi, \u00e0 travailler de concert pour transformer les fronti\u00e8res entre les pays africains en des passerelles de solidarit\u00e9 et de coop\u00e9ration panafricaines.<\/p>\n<p>Intervenant lors d&rsquo;une Conf\u00e9rence internationale sur le commerce en Afrique (Africa Trade Conference 2021), le diplomate marocain a fait savoir que le Royaume, qui reste tr\u00e8s attach\u00e9 \u00e0 la concr\u00e9tisation de la zone de libre-\u00e9change continentale africaine (ZLECAF), a d\u00e9j\u00e0 commenc\u00e9 la mise en place d&rsquo;outils et de structures n\u00e9cessaires \u00e0 sa r\u00e9alisation.<\/p>\n<p>\u00ab\u00a0Le Maroc jouit d&rsquo;une position g\u00e9ographique strat\u00e9gique qui en fait un pays tr\u00e8s attractif pour les puissances \u00e9conomiques. Il forme un pont entre le Moyen-Orient et l&rsquo;Am\u00e9rique et entre l&rsquo;Afrique et l&rsquo;Europe\u00a0\u00bb, a not\u00e9 Ghambou qui prenait part \u00e0 un panel sur \u00ab\u00a0les opportunit\u00e9s des communaut\u00e9s \u00e9conomiques r\u00e9gionales africaines\u00a0\u00bb, rapporte le journal.<\/p>\n<p>Cet article <a rel=\"nofollow\" href=\"https:\/\/www.journalducameroun.com\/politique-economie-au-menu-des-quotidiens-et-hebdomadaires-marocains\/\">Politique, \u00e9conomie au menu des quotidiens et hebdomadaires marocains<\/a> est apparu en premier sur <a rel=\"nofollow\" href=\"https:\/\/www.journalducameroun.com\/\">Journal du Cameroun<\/a>.<\/p>\n<\/div>\n<p>Auteur: APA News<br \/>\n<a href=\"https:\/\/www.journalducameroun.com\/politique-economie-au-menu-des-quotidiens-et-hebdomadaires-marocains\/\">Cliquez ici pour lire l&rsquo;article depuis sa source.<\/a><\/p>\n","protected":false},"excerpt":{"rendered":"<p>Le discours royal \u00e0 l&rsquo;occasion du 46\u00e8me anniversaire de la Marche verte, l&rsquo;attachement des Marocains \u00e0 l&rsquo;histoire, la suppression progressive de l&rsquo;IS, la conf\u00e9rence de Paris sur la Libye, la r\u00e9forme de la l\u00e9gislation sur les professions d&rsquo;avocat et le commerce interafricain sont les principaux sujets trait\u00e9s par les quotidiens et hebdomadaires marocains parus ce [&hellip;]<\/p>\n","protected":false},"author":1965,"featured_media":0,"comment_status":"closed","ping_status":"closed","sticky":false,"template":"","format":"standard","meta":{"fifu_image_url":"https:\/\/www.journalducameroun.com\/wp-content\/uploads\/2021\/11\/16368058827411.jpg","fifu_image_alt":"Politique, \u00e9conomie au menu des quotidiens et hebdomadaires marocains","footnotes":""},"categories":[73,82],"tags":[],"class_list":["post-132864","post","type-post","status-publish","format-standard","hentry","category-actualite","category-cameroun"],"_links":{"self":[{"href":"https:\/\/linitiative.ca\/International\/wp-json\/wp\/v2\/posts\/132864","targetHints":{"allow":["GET"]}}],"collection":[{"href":"https:\/\/linitiative.ca\/International\/wp-json\/wp\/v2\/posts"}],"about":[{"href":"https:\/\/linitiative.ca\/International\/wp-json\/wp\/v2\/types\/post"}],"author":[{"embeddable":true,"href":"https:\/\/linitiative.ca\/International\/wp-json\/wp\/v2\/users\/1965"}],"replies":[{"embeddable":true,"href":"https:\/\/linitiative.ca\/International\/wp-json\/wp\/v2\/comments?post=132864"}],"version-history":[{"count":0,"href":"https:\/\/linitiative.ca\/International\/wp-json\/wp\/v2\/posts\/132864\/revisions"}],"wp:attachment":[{"href":"https:\/\/linitiative.ca\/International\/wp-json\/wp\/v2\/media?parent=132864"}],"wp:term":[{"taxonomy":"category","embeddable":true,"href":"https:\/\/linitiative.ca\/International\/wp-json\/wp\/v2\/categories?post=132864"},{"taxonomy":"post_tag","embeddable":true,"href":"https:\/\/linitiative.ca\/International\/wp-json\/wp\/v2\/tags?post=132864"}],"curies":[{"name":"wp","href":"https:\/\/api.w.org\/{rel}","templated":true}]}}