{"id":132870,"date":"2021-11-13T13:18:02","date_gmt":"2021-11-13T18:18:02","guid":{"rendered":"https:\/\/linitiative.ca\/International\/djamila-sahabi-remporte-a-abidjan-le-prix-africtivistes-pour-laction-civique\/"},"modified":"2021-11-13T13:18:02","modified_gmt":"2021-11-13T18:18:02","slug":"djamila-sahabi-remporte-a-abidjan-le-prix-africtivistes-pour-laction-civique","status":"publish","type":"post","link":"https:\/\/linitiative.ca\/International\/djamila-sahabi-remporte-a-abidjan-le-prix-africtivistes-pour-laction-civique\/","title":{"rendered":"Djamila Sahabi remporte \u00e0 Abidjan le Prix AfricTivistes pour l\u2019action civique"},"content":{"rendered":"<div>\n<p><img loading=\"lazy\" decoding=\"async\" width=\"2992\" height=\"2000\" src=\"https:\/\/linitiative.ca\/International\/wp-content\/uploads\/sites\/23\/2021\/11\/16368274824074.jpg\" class=\"attachment-post-thumbnail size-post-thumbnail wp-post-image\" alt=\"\" srcset=\"https:\/\/linitiative.ca\/International\/wp-content\/uploads\/sites\/23\/2021\/11\/16368274824074.jpg 2992w, https:\/\/www.journalducameroun.com\/wp-content\/uploads\/2021\/11\/16368274824074-300x201.jpg 300w, https:\/\/www.journalducameroun.com\/wp-content\/uploads\/2021\/11\/16368274824074-768x513.jpg 768w, https:\/\/www.journalducameroun.com\/wp-content\/uploads\/2021\/11\/16368274824074-1024x684.jpg 1024w, https:\/\/www.journalducameroun.com\/wp-content\/uploads\/2021\/11\/16368274824074-658x440.jpg 658w, https:\/\/www.journalducameroun.com\/wp-content\/uploads\/2021\/11\/16368274824074-600x401.jpg 600w\" sizes=\"auto, (max-width: 2992px) 100vw, 2992px\"><\/p>\n<p>La Nig\u00e9rienne Djamila Boubacar Sahabi a remport\u00e9 dans la nuit de vendredi \u00e0 samedi \u00e0 Abidjan le Prix Africtivistes pour l&rsquo;action civique 2021dot\u00e9 d&rsquo;une enveloppe de 10 000 dollars.<\/p>\n<p>Ce Prix a \u00e9t\u00e9 d\u00e9cern\u00e9 en marge du 3e sommet Africtivistes qui s&rsquo;est achev\u00e9 vendredi soir dans la capitale \u00e9conomique ivoirienne autour du th\u00e8me, \u00abPromouvoir le d\u00e9veloppement et la gouvernance d\u00e9mocratique de l&rsquo;Internet en Afrique \u00bb.<\/p>\n<p>Au d\u00e9part, \u00a0sur une liste de 10 pr\u00e9s\u00e9lectionn\u00e9s, ensuite cinq finalistes c&rsquo;est l&rsquo;initiatrice et Fondatrice de Actu Magazine &amp; de Nissa Pad, Niger avec sa marque de serviette hygi\u00e9nique lavable \u201cNissa Pad\u201d qui remporte ce Prix dot\u00e9 en plus d&rsquo;une enveloppe de 10 000 dollars, d&rsquo;un voyage et d&rsquo;une bourse d&rsquo;\u00e9tude.<\/p>\n<p>Djamila veut promouvoir des solutions durables qui contribuent \u00e0 l&rsquo;\u00e9mancipation des femmes, et \u00e0 l&rsquo;accompagnement des jeunes filles adolescentes en milieu scolaire \u00e0 se maintenir \u00e0 l&rsquo;\u00e9cole pendant leurs p\u00e9riodes de menstrues.<\/p>\n<p>La laur\u00e9ate exprimant sa joie a d\u00e9di\u00e9 son prix \u00e0 toute la jeunesse africaine engag\u00e9e. \u00ab Je suis hyper contente. Ce prix n&rsquo;est pas le mien, c&rsquo;est pour toute la jeunesse africaine. Tout ce qu&rsquo;on veut c&rsquo;est d&rsquo;amener l&rsquo;Afrique tr\u00e8s loin. Tout ce qu&rsquo;on veut, c&rsquo;est le changement. \u00bb, a-t-elle d\u00e9clar\u00e9.<\/p>\n<p>Les votes du public ont compt\u00e9 \u00a0pour 60% \u00a0et les notes \u00a0du jury institutionnel pour 40%. Le Prix AfricTivistes vise \u00e0 honorer le champion citoyen qui a initi\u00e9 le meilleur projet innovant ou la meilleure action civique et citoyenne porteuse de changement dans sa communaut\u00e9.<\/p>\n<p>Les autres finalistes sont \u00a0Muazu Alhaji Modu du Nig\u00e9ria, Mamadou Diakhat\u00e9, du \u00a0S\u00e9n\u00e9gal, Divine Ingabire du Rwanda, Laetitia Carelle Goli de la C\u00f4te d&rsquo;Ivoire.<\/p>\n<p>AfricTivistes est la Ligue des blogueurs et cyber activistes africains pour la d\u00e9mocratie. \u00c0 travers cette organisation, elle veut promouvoir et d\u00e9fendre les valeurs d\u00e9mocratiques, les droits humains et la bonne gouvernance par le biais des m\u00e9dias num\u00e9riques.<\/p>\n<p>L&rsquo;organisation a \u00e9t\u00e9 lanc\u00e9e en novembre 2015 \u00e0 Dakar pour interconnecter tous les acteurs du changement en Afrique afin d&rsquo;apporter des solutions pratiques et appropri\u00e9es pour une r\u00e9elle d\u00e9mocratie participative.<\/p>\n<p>Cet article <a rel=\"nofollow\" href=\"https:\/\/www.journalducameroun.com\/djamila-sahabi-remporte-a-abidjan-le-prix-africtivistes-pour-laction-civique\/\">Djamila Sahabi remporte \u00e0 Abidjan le Prix AfricTivistes pour l\u2019action civique<\/a> est apparu en premier sur <a rel=\"nofollow\" href=\"https:\/\/www.journalducameroun.com\/\">Journal du Cameroun<\/a>.<\/p>\n<\/div>\n<p>Auteur: APA News<br \/>\n<a href=\"https:\/\/www.journalducameroun.com\/djamila-sahabi-remporte-a-abidjan-le-prix-africtivistes-pour-laction-civique\/\">Cliquez ici pour lire l&rsquo;article depuis sa source.<\/a><\/p>\n","protected":false},"excerpt":{"rendered":"<p>La Nig\u00e9rienne Djamila Boubacar Sahabi a remport\u00e9 dans la nuit de vendredi \u00e0 samedi \u00e0 Abidjan le Prix Africtivistes pour l&rsquo;action civique 2021dot\u00e9 d&rsquo;une enveloppe de 10 000 dollars. Ce Prix a \u00e9t\u00e9 d\u00e9cern\u00e9 en marge du 3e sommet Africtivistes qui s&rsquo;est achev\u00e9 vendredi soir dans la capitale \u00e9conomique ivoirienne autour du th\u00e8me, \u00abPromouvoir le [&hellip;]<\/p>\n","protected":false},"author":1965,"featured_media":0,"comment_status":"closed","ping_status":"closed","sticky":false,"template":"","format":"standard","meta":{"fifu_image_url":"https:\/\/www.journalducameroun.com\/wp-content\/uploads\/2021\/11\/16368274824074.jpg","fifu_image_alt":"Djamila Sahabi remporte \u00e0 Abidjan le Prix AfricTivistes pour l\u2019action civique","footnotes":""},"categories":[73,82],"tags":[],"class_list":["post-132870","post","type-post","status-publish","format-standard","hentry","category-actualite","category-cameroun"],"_links":{"self":[{"href":"https:\/\/linitiative.ca\/International\/wp-json\/wp\/v2\/posts\/132870","targetHints":{"allow":["GET"]}}],"collection":[{"href":"https:\/\/linitiative.ca\/International\/wp-json\/wp\/v2\/posts"}],"about":[{"href":"https:\/\/linitiative.ca\/International\/wp-json\/wp\/v2\/types\/post"}],"author":[{"embeddable":true,"href":"https:\/\/linitiative.ca\/International\/wp-json\/wp\/v2\/users\/1965"}],"replies":[{"embeddable":true,"href":"https:\/\/linitiative.ca\/International\/wp-json\/wp\/v2\/comments?post=132870"}],"version-history":[{"count":0,"href":"https:\/\/linitiative.ca\/International\/wp-json\/wp\/v2\/posts\/132870\/revisions"}],"wp:attachment":[{"href":"https:\/\/linitiative.ca\/International\/wp-json\/wp\/v2\/media?parent=132870"}],"wp:term":[{"taxonomy":"category","embeddable":true,"href":"https:\/\/linitiative.ca\/International\/wp-json\/wp\/v2\/categories?post=132870"},{"taxonomy":"post_tag","embeddable":true,"href":"https:\/\/linitiative.ca\/International\/wp-json\/wp\/v2\/tags?post=132870"}],"curies":[{"name":"wp","href":"https:\/\/api.w.org\/{rel}","templated":true}]}}