{"id":132874,"date":"2021-11-13T13:57:38","date_gmt":"2021-11-13T18:57:38","guid":{"rendered":"https:\/\/linitiative.ca\/International\/une-autre-pleniere-prevue-ce-soir-pour-le-vote-de-la-deuxieme-partie-du-plf-2022\/"},"modified":"2021-11-13T13:57:38","modified_gmt":"2021-11-13T18:57:38","slug":"une-autre-pleniere-prevue-ce-soir-pour-le-vote-de-la-deuxieme-partie-du-plf-2022","status":"publish","type":"post","link":"https:\/\/linitiative.ca\/International\/une-autre-pleniere-prevue-ce-soir-pour-le-vote-de-la-deuxieme-partie-du-plf-2022\/","title":{"rendered":"Une autre pl\u00e9ni\u00e8re pr\u00e9vue ce soir pour le vote de la deuxi\u00e8me partie du PLF 2022"},"content":{"rendered":"<div>\n<p>Une autre pl\u00e9ni\u00e8re pr\u00e9vue ce soir pour le vote de la deuxi\u00e8me partie du PLF 2022<\/p>\n<\/div>\n<p>Auteur: ALM<br \/>\n<a href=\"https:\/\/aujourdhui.ma\/actualite\/une-autre-pleniere-prevue-ce-soir-pour-le-vote-de-la-deuxieme-partie-du-plf-2022\">Cliquez ici pour lire l&rsquo;article depuis sa source.<\/a><\/p>\n","protected":false},"excerpt":{"rendered":"<p>Une autre pl\u00e9ni\u00e8re pr\u00e9vue ce soir pour le vote de la deuxi\u00e8me partie du PLF 2022 Auteur: ALM Cliquez ici pour lire l&rsquo;article depuis sa source.<\/p>\n","protected":false},"author":1759,"featured_media":0,"comment_status":"closed","ping_status":"closed","sticky":false,"template":"","format":"standard","meta":{"fifu_image_url":"","fifu_image_alt":"","footnotes":""},"categories":[73,54],"tags":[],"class_list":["post-132874","post","type-post","status-publish","format-standard","hentry","category-actualite","category-maroc"],"_links":{"self":[{"href":"https:\/\/linitiative.ca\/International\/wp-json\/wp\/v2\/posts\/132874","targetHints":{"allow":["GET"]}}],"collection":[{"href":"https:\/\/linitiative.ca\/International\/wp-json\/wp\/v2\/posts"}],"about":[{"href":"https:\/\/linitiative.ca\/International\/wp-json\/wp\/v2\/types\/post"}],"author":[{"embeddable":true,"href":"https:\/\/linitiative.ca\/International\/wp-json\/wp\/v2\/users\/1759"}],"replies":[{"embeddable":true,"href":"https:\/\/linitiative.ca\/International\/wp-json\/wp\/v2\/comments?post=132874"}],"version-history":[{"count":0,"href":"https:\/\/linitiative.ca\/International\/wp-json\/wp\/v2\/posts\/132874\/revisions"}],"wp:attachment":[{"href":"https:\/\/linitiative.ca\/International\/wp-json\/wp\/v2\/media?parent=132874"}],"wp:term":[{"taxonomy":"category","embeddable":true,"href":"https:\/\/linitiative.ca\/International\/wp-json\/wp\/v2\/categories?post=132874"},{"taxonomy":"post_tag","embeddable":true,"href":"https:\/\/linitiative.ca\/International\/wp-json\/wp\/v2\/tags?post=132874"}],"curies":[{"name":"wp","href":"https:\/\/api.w.org\/{rel}","templated":true}]}}