{"id":132875,"date":"2021-11-13T14:07:02","date_gmt":"2021-11-13T19:07:02","guid":{"rendered":"https:\/\/linitiative.ca\/International\/mme-nadia-fettah-devant-les-deputes-accompagner-les-regions-pour-accelerer-la-mise-en-oeuvre-des-pdr\/"},"modified":"2021-11-13T14:07:02","modified_gmt":"2021-11-13T19:07:02","slug":"mme-nadia-fettah-devant-les-deputes-accompagner-les-regions-pour-accelerer-la-mise-en-oeuvre-des-pdr","status":"publish","type":"post","link":"https:\/\/linitiative.ca\/International\/mme-nadia-fettah-devant-les-deputes-accompagner-les-regions-pour-accelerer-la-mise-en-oeuvre-des-pdr\/","title":{"rendered":"Mme Nadia Fettah devant les d\u00e9put\u00e9s: Accompagner les r\u00e9gions pour acc\u00e9l\u00e9rer la mise en \u0153uvre des PDR"},"content":{"rendered":"<div>\n<p><img loading=\"lazy\" decoding=\"async\" width=\"300\" height=\"153\" src=\"https:\/\/linitiative.ca\/International\/wp-content\/uploads\/sites\/23\/2021\/11\/Nadia-Fettah-Alaoui-Parlement-300x153-1.jpg\" class=\"attachment-medium size-medium wp-post-image\" alt=\"\" srcset=\"https:\/\/linitiative.ca\/International\/wp-content\/uploads\/sites\/23\/2021\/11\/Nadia-Fettah-Alaoui-Parlement-300x153-1.jpg 300w, https:\/\/aujourdhui.ma\/wp-content\/uploads\/2021\/10\/Nadia-Fettah-Alaoui-Parlement-274x140.jpg 274w, https:\/\/aujourdhui.ma\/wp-content\/uploads\/2021\/10\/Nadia-Fettah-Alaoui-Parlement.jpg 746w, https:\/\/aujourdhui.ma\/wp-content\/uploads\/2021\/10\/Nadia-Fettah-Alaoui-Parlement-165x84.jpg 165w, https:\/\/aujourdhui.ma\/wp-content\/uploads\/2021\/10\/Nadia-Fettah-Alaoui-Parlement-702x358.jpg 702w\" sizes=\"auto, (max-width: 300px) 100vw, 300px\"><\/p>\n<p><span style=\"color: #800000;\"><strong>Le gouvernement accorde une importance cruciale \u00e0 l\u2019accompagnement des r\u00e9gions en vue d\u2019acc\u00e9l\u00e9rer la mise en \u0153uvre des plans de d\u00e9veloppement r\u00e9gional (PDR), a affirm\u00e9, samedi \u00e0 la Chambre des repr\u00e9sentants, la ministre de l\u2019\u00c9conomie et des Finances, Nadia Fettah Alaoui.<\/strong><\/span><br \/>\n<span id=\"more-391333\"><\/span><\/p>\n<p>Il s\u2019agit en particulier des projets et programmes prioritaires qui seront financ\u00e9s dans le cadre de contrats-programmes entre l\u2019Etat et les r\u00e9gions, a indiqu\u00e9 Mme Fettah Alaoui qui s\u2019exprimait lors d\u2019une s\u00e9ance pl\u00e9ni\u00e8re \u00e0 la Chambre des repr\u00e9sentants, ajoutant que l\u2019Ex\u00e9cutif veillera \u00e0 l\u2019acc\u00e9l\u00e9ration de la mise en \u0153uvre du chantier de la d\u00e9concentration administrative.<\/p>\n<p>La ministre a \u00e9galement soulign\u00e9 que le gouvernement veille \u00e0 consolider la r\u00e9gionalisation en tant que choix constitutionnel et d\u00e9mocratique, non seulement comme d\u00e9marche politique et administrative du Royaume, mais aussi une alternative de d\u00e9veloppement face aux insuffisances des politiques publiques centralis\u00e9es et concentr\u00e9es relatives \u00e0 la lutte contre les disparit\u00e9s territoriales en mati\u00e8re des investissements et de l\u2019acc\u00e8s aux services publics de base et leur impact d\u2019assurer une distribution \u00e9quitable de la richesse sur les r\u00e9gions.<\/p>\n<p>Pour ce faire, a-t-elle soutenu, de larges pr\u00e9rogatives de l\u2019Etat seront transf\u00e9r\u00e9es aux r\u00e9gions et ce, parall\u00e8lement avec la mobilisation des ressources mat\u00e9riels et humaines n\u00e9cessaires, de fa\u00e7on \u00e0 garantir l\u2019autonomie en mati\u00e8re de la gestion financi\u00e8re et administrative de la R\u00e9gion, laquelle est appel\u00e9e \u00e0 devenir un v\u00e9ritable p\u00f4le de croissance, un levier du d\u00e9veloppement humain et de promotion sociale, ainsi qu\u2019un partenaire fondamental de l\u2019Etat.<\/p>\n<\/div>\n<p>Auteur: ALM<br \/>\n<a href=\"https:\/\/aujourdhui.ma\/actualite\/mme-nadia-fettah-devant-les-deputes-accompagner-les-regions-pour-accelerer-la-mise-en-oeuvre-des-pdr\">Cliquez ici pour lire l&rsquo;article depuis sa source.<\/a><\/p>\n","protected":false},"excerpt":{"rendered":"<p>Le gouvernement accorde une importance cruciale \u00e0 l\u2019accompagnement des r\u00e9gions en vue d\u2019acc\u00e9l\u00e9rer la mise en \u0153uvre des plans de d\u00e9veloppement r\u00e9gional (PDR), a affirm\u00e9, samedi \u00e0 la Chambre des repr\u00e9sentants, la ministre de l\u2019\u00c9conomie et des Finances, Nadia Fettah Alaoui. Il s\u2019agit en particulier des projets et programmes prioritaires qui seront financ\u00e9s dans le [&hellip;]<\/p>\n","protected":false},"author":1759,"featured_media":0,"comment_status":"closed","ping_status":"closed","sticky":false,"template":"","format":"standard","meta":{"fifu_image_url":"https:\/\/aujourdhui.ma\/wp-content\/uploads\/2021\/10\/Nadia-Fettah-Alaoui-Parlement-300x153.jpg","fifu_image_alt":"Mme Nadia Fettah devant les d\u00e9put\u00e9s: Accompagner les r\u00e9gions pour acc\u00e9l\u00e9rer la mise en \u0153uvre des PDR","footnotes":""},"categories":[73,54],"tags":[],"class_list":["post-132875","post","type-post","status-publish","format-standard","hentry","category-actualite","category-maroc"],"_links":{"self":[{"href":"https:\/\/linitiative.ca\/International\/wp-json\/wp\/v2\/posts\/132875","targetHints":{"allow":["GET"]}}],"collection":[{"href":"https:\/\/linitiative.ca\/International\/wp-json\/wp\/v2\/posts"}],"about":[{"href":"https:\/\/linitiative.ca\/International\/wp-json\/wp\/v2\/types\/post"}],"author":[{"embeddable":true,"href":"https:\/\/linitiative.ca\/International\/wp-json\/wp\/v2\/users\/1759"}],"replies":[{"embeddable":true,"href":"https:\/\/linitiative.ca\/International\/wp-json\/wp\/v2\/comments?post=132875"}],"version-history":[{"count":0,"href":"https:\/\/linitiative.ca\/International\/wp-json\/wp\/v2\/posts\/132875\/revisions"}],"wp:attachment":[{"href":"https:\/\/linitiative.ca\/International\/wp-json\/wp\/v2\/media?parent=132875"}],"wp:term":[{"taxonomy":"category","embeddable":true,"href":"https:\/\/linitiative.ca\/International\/wp-json\/wp\/v2\/categories?post=132875"},{"taxonomy":"post_tag","embeddable":true,"href":"https:\/\/linitiative.ca\/International\/wp-json\/wp\/v2\/tags?post=132875"}],"curies":[{"name":"wp","href":"https:\/\/api.w.org\/{rel}","templated":true}]}}