{"id":132894,"date":"2021-11-14T08:49:33","date_gmt":"2021-11-14T13:49:33","guid":{"rendered":"https:\/\/linitiative.ca\/International\/colloque-regional-autour-du-plaidoyer-civil-sur-la-marocanite-du-sahara\/"},"modified":"2021-11-14T08:49:33","modified_gmt":"2021-11-14T13:49:33","slug":"colloque-regional-autour-du-plaidoyer-civil-sur-la-marocanite-du-sahara","status":"publish","type":"post","link":"https:\/\/linitiative.ca\/International\/colloque-regional-autour-du-plaidoyer-civil-sur-la-marocanite-du-sahara\/","title":{"rendered":"Colloque r\u00e9gional autour du plaidoyer civil sur la marocanit\u00e9 du Sahara"},"content":{"rendered":"<div>\n<div style=\"margin-bottom:20px;\"><img loading=\"lazy\" decoding=\"async\" width=\"750\" height=\"430\" src=\"https:\/\/linitiative.ca\/International\/wp-content\/uploads\/sites\/23\/2021\/11\/ENCG-copier.jpg\" class=\"attachment-post-thumbnail size-post-thumbnail wp-post-image\" alt=\"\" srcset=\"https:\/\/linitiative.ca\/International\/wp-content\/uploads\/sites\/23\/2021\/11\/ENCG-copier.jpg 750w, http:\/\/www.mapmarrakech.ma\/map\/uploads\/2021\/11\/ENCG-copier-300x172.jpg 300w\" sizes=\"auto, (max-width: 750px) 100vw, 750px\"><\/div>\n<p>Initi\u00e9e en partenariat avec l\u2019Ecole Nationale de Commerce et de Gestion (ENCG) sous le th\u00e8me \u00ab\u00a0Les r\u00e9gions du Sahara marocain entre diplomatie et d\u00e9veloppement\u00a0\u00bb, cette rencontre s\u2019inscrit dans le cadre des activit\u00e9s organis\u00e9es par ladite Fondation en comm\u00e9moration de l\u2019anniversaire de la glorieuse Marche Verte et de la F\u00eate de l\u2019Ind\u00e9pendance, pour la d\u00e9fense des causes nationales dans les fora internationaux, avec \u00e0 leur t\u00eate la question de l\u2019int\u00e9grit\u00e9 territoriale, et la dynamisation de la diplomatie parall\u00e8le.<\/p>\n<p>Les travaux de ce colloque, auquel ont pris part des universitaires et des acteurs de la soci\u00e9t\u00e9 civile, se sont articul\u00e9s essentiellement autour du plaidoyer sur la marocanit\u00e9 du Sahara et les perspectives du r\u00e8glement de ce conflit artificiel, \u00e0 la lumi\u00e8re des derniers d\u00e9veloppements sur les sc\u00e8nes internationale et r\u00e9gionale.<\/p>\n<p>S\u2019exprimant \u00e0 cette occasion, le pr\u00e9sident de la Fondation Annoha, M. Saleh Rahat, a soulign\u00e9 l\u2019importance de la participation populaire au plaidoyer civil sur le Sahara marocain, \u00e0 travers l\u2019engagement du d\u00e9bat autour de plusieurs axes se rapportant \u00e0 l\u2019efficience du d\u00e9veloppement dans le Sahara marocain, au plaidoyer sur la cause nationale, \u00e0 la mise en relief de l\u2019initiative d\u2019autonomie ainsi qu\u2019\u00e0 l\u2019\u00e9pop\u00e9e de la Marche verte et la diffusion de ses valeurs et enseignements aupr\u00e8s des g\u00e9n\u00e9rations montantes.<\/p>\n<p>Pour sa part, M. Noureddine Bilali Idrissi, ancien membre du Conseil Royal Consultatif des Affaires Sahariennes, a expliqu\u00e9 que le plaidoyer pour la cause nationale consiste \u00e0 pr\u00e9senter des preuves solides pour convaincre les acteurs internationaux de la justesse de la cause nationale et contrecarrer ainsi les all\u00e9gations et les th\u00e8ses des adversaires de l\u2019int\u00e9grit\u00e9 territoriale du Royaume.<\/p>\n<p>Il a aussi insist\u00e9 sur la n\u00e9cessit\u00e9 de la compl\u00e9mentarit\u00e9 et de l\u2019harmonisation de toutes les politiques sur les plans int\u00e9rieur et ext\u00e9rieur pour atteindre les objectifs fix\u00e9s et r\u00e9gler d\u00e9finitivement le dossier du Sahara marocain.<\/p>\n<p>Pour sa part, le repr\u00e9sentant de l\u2019Organisation internationale des droits de l\u2019Homme et de la d\u00e9fense des libert\u00e9s publiques aux Etats-Unis en Afrique, M. Katiba Kassem, a r\u00e9it\u00e9r\u00e9 le soutien de l\u2019organisation \u00e0 l\u2019initiative marocaine d\u2019autonomie en tant que solution \u00e0 ce conflit artificiel, faisant constater que les \u00e9lections du 8 septembre dernier ont d\u00e9montr\u00e9 l\u2019attachement profond des populations des provinces du sud \u00e0 l\u2019unit\u00e9 de la Nation \u00e0 travers leur participation massive \u00e0 ces \u00e9ch\u00e9ances.<\/p>\n<p>Dans une d\u00e9claration \u00e0 la MAP, la directrice de l\u2019ENCG, Mme Fatima Arib, a, quant \u00e0 elle, not\u00e9 que l\u2019organisation de ce colloque r\u00e9gional intervient dans le cadre de la comm\u00e9moration de la glorieuse Marche Verte, insistant sur le r\u00f4le des \u00e9tablissements universitaires dans la mise en lumi\u00e8re de ces \u00e9v\u00e9nements \u00e0 port\u00e9e nationale.<\/p>\n<p>The post <a rel=\"nofollow\" href=\"http:\/\/www.mapmarrakech.ma\/fr\/colloque-regional-autour-du-plaidoyer-civil-sur-la-marocanite-du-sahara\/\">Colloque r\u00e9gional autour du plaidoyer civil sur la marocanit\u00e9 du Sahara<\/a> appeared first on <a rel=\"nofollow\" href=\"http:\/\/www.mapmarrakech.ma\/fr\">MapMarrakech<\/a>.<\/p>\n<\/div>\n<p>Auteur: Meriem IGASS<br \/>\n<a href=\"http:\/\/www.mapmarrakech.ma\/fr\/colloque-regional-autour-du-plaidoyer-civil-sur-la-marocanite-du-sahara\/\">Cliquez ici pour lire l&rsquo;article depuis sa source.<\/a><\/p>\n","protected":false},"excerpt":{"rendered":"<p>Initi\u00e9e en partenariat avec l\u2019Ecole Nationale de Commerce et de Gestion (ENCG) sous le th\u00e8me \u00ab\u00a0Les r\u00e9gions du Sahara marocain entre diplomatie et d\u00e9veloppement\u00a0\u00bb, cette rencontre s\u2019inscrit dans le cadre des activit\u00e9s organis\u00e9es par ladite Fondation en comm\u00e9moration de l\u2019anniversaire de la glorieuse Marche Verte et de la F\u00eate de l\u2019Ind\u00e9pendance, pour la d\u00e9fense des [&hellip;]<\/p>\n","protected":false},"author":1788,"featured_media":0,"comment_status":"closed","ping_status":"closed","sticky":false,"template":"","format":"standard","meta":{"fifu_image_url":"http:\/\/www.mapmarrakech.ma\/map\/uploads\/2021\/11\/ENCG-copier.jpg","fifu_image_alt":"Colloque r\u00e9gional autour du plaidoyer civil sur la marocanit\u00e9 du Sahara","footnotes":""},"categories":[54,76],"tags":[],"class_list":["post-132894","post","type-post","status-publish","format-standard","hentry","category-maroc","category-regions"],"_links":{"self":[{"href":"https:\/\/linitiative.ca\/International\/wp-json\/wp\/v2\/posts\/132894","targetHints":{"allow":["GET"]}}],"collection":[{"href":"https:\/\/linitiative.ca\/International\/wp-json\/wp\/v2\/posts"}],"about":[{"href":"https:\/\/linitiative.ca\/International\/wp-json\/wp\/v2\/types\/post"}],"author":[{"embeddable":true,"href":"https:\/\/linitiative.ca\/International\/wp-json\/wp\/v2\/users\/1788"}],"replies":[{"embeddable":true,"href":"https:\/\/linitiative.ca\/International\/wp-json\/wp\/v2\/comments?post=132894"}],"version-history":[{"count":0,"href":"https:\/\/linitiative.ca\/International\/wp-json\/wp\/v2\/posts\/132894\/revisions"}],"wp:attachment":[{"href":"https:\/\/linitiative.ca\/International\/wp-json\/wp\/v2\/media?parent=132894"}],"wp:term":[{"taxonomy":"category","embeddable":true,"href":"https:\/\/linitiative.ca\/International\/wp-json\/wp\/v2\/categories?post=132894"},{"taxonomy":"post_tag","embeddable":true,"href":"https:\/\/linitiative.ca\/International\/wp-json\/wp\/v2\/tags?post=132894"}],"curies":[{"name":"wp","href":"https:\/\/api.w.org\/{rel}","templated":true}]}}