{"id":132898,"date":"2021-11-14T07:51:06","date_gmt":"2021-11-14T12:51:06","guid":{"rendered":"https:\/\/linitiative.ca\/International\/nord-le-conseil-de-la-region-approuve-son-budget\/"},"modified":"2021-11-14T07:51:06","modified_gmt":"2021-11-14T12:51:06","slug":"nord-le-conseil-de-la-region-approuve-son-budget","status":"publish","type":"post","link":"https:\/\/linitiative.ca\/International\/nord-le-conseil-de-la-region-approuve-son-budget\/","title":{"rendered":"Nord: Le Conseil de la R\u00e9gion approuve son budget"},"content":{"rendered":"<div>\n<div class=\"field field-name-body field-type-text-with-summary field-label-hidden\">\n<div class=\"field-items\">\n<div class=\"field-item even\" property=\"content:encoded\">\n<p class=\"rtejustify\">Le Conseil de la r\u00e9gion Tanger-T\u00e9touan-Al Hoceima a approuv\u00e9, \u00e0 l&rsquo;unanimit\u00e9 des membres pr\u00e9sents lors d\u2019une session extraordinaire tenue vendredi dernier \u00e0 Tanger, son projet de budget au titre de l\u2019exercice 2022. La partie du budget d\u00e9di\u00e9e au fonctionnement s\u2019\u00e9l\u00e8ve \u00e0 860 millions de DH.<\/p>\n<\/div>\n<\/div>\n<\/div>\n<\/div>\n<p>Auteur: hgueye<br \/>\n<a href=\"https:\/\/www.leconomiste.com\/flash-infos\/nord-le-conseil-de-la-region-approuve-son-budget\">Cliquez ici pour lire l&rsquo;article depuis sa source.<\/a><\/p>\n","protected":false},"excerpt":{"rendered":"<p>Le Conseil de la r\u00e9gion Tanger-T\u00e9touan-Al Hoceima a approuv\u00e9, \u00e0 l&rsquo;unanimit\u00e9 des membres pr\u00e9sents lors d\u2019une session extraordinaire tenue vendredi dernier \u00e0 Tanger, son projet de budget au titre de l\u2019exercice 2022. La partie du budget d\u00e9di\u00e9e au fonctionnement s\u2019\u00e9l\u00e8ve \u00e0 860 millions de DH. Auteur: hgueye Cliquez ici pour lire l&rsquo;article depuis sa source.<\/p>\n","protected":false},"author":1763,"featured_media":0,"comment_status":"closed","ping_status":"closed","sticky":false,"template":"","format":"standard","meta":{"fifu_image_url":"","fifu_image_alt":"","footnotes":""},"categories":[78,54],"tags":[],"class_list":["post-132898","post","type-post","status-publish","format-standard","hentry","category-economie","category-maroc"],"_links":{"self":[{"href":"https:\/\/linitiative.ca\/International\/wp-json\/wp\/v2\/posts\/132898","targetHints":{"allow":["GET"]}}],"collection":[{"href":"https:\/\/linitiative.ca\/International\/wp-json\/wp\/v2\/posts"}],"about":[{"href":"https:\/\/linitiative.ca\/International\/wp-json\/wp\/v2\/types\/post"}],"author":[{"embeddable":true,"href":"https:\/\/linitiative.ca\/International\/wp-json\/wp\/v2\/users\/1763"}],"replies":[{"embeddable":true,"href":"https:\/\/linitiative.ca\/International\/wp-json\/wp\/v2\/comments?post=132898"}],"version-history":[{"count":0,"href":"https:\/\/linitiative.ca\/International\/wp-json\/wp\/v2\/posts\/132898\/revisions"}],"wp:attachment":[{"href":"https:\/\/linitiative.ca\/International\/wp-json\/wp\/v2\/media?parent=132898"}],"wp:term":[{"taxonomy":"category","embeddable":true,"href":"https:\/\/linitiative.ca\/International\/wp-json\/wp\/v2\/categories?post=132898"},{"taxonomy":"post_tag","embeddable":true,"href":"https:\/\/linitiative.ca\/International\/wp-json\/wp\/v2\/tags?post=132898"}],"curies":[{"name":"wp","href":"https:\/\/api.w.org\/{rel}","templated":true}]}}