{"id":132899,"date":"2021-11-14T08:03:45","date_gmt":"2021-11-14T13:03:45","guid":{"rendered":"https:\/\/linitiative.ca\/International\/27-millions-dadultes-diabetiques-au-maroc\/"},"modified":"2021-11-14T08:03:45","modified_gmt":"2021-11-14T13:03:45","slug":"27-millions-dadultes-diabetiques-au-maroc","status":"publish","type":"post","link":"https:\/\/linitiative.ca\/International\/27-millions-dadultes-diabetiques-au-maroc\/","title":{"rendered":"2,7 millions d\u2019adultes diab\u00e9tiques au Maroc"},"content":{"rendered":"<div>\n<div class=\"field field-name-body field-type-text-with-summary field-label-hidden\">\n<div class=\"field-items\">\n<div class=\"field-item even\" property=\"content:encoded\">\n<p class=\"rtejustify\">Le Maroc compte 2,7 millions d\u2019adultes diab\u00e9tiques, selon les donn\u00e9es du minist\u00e8re de la Sant\u00e9 et de la Protection sociale issues de l\u2019enqu\u00eate nationale sur les maladies non transmissibles couvrant l\u2019ann\u00e9e 2018.<\/p>\n<p class=\"rtejustify\">\u00ab\u00a0Le nombre de diab\u00e9tiques adultes est estim\u00e9 \u00e0 environ 2,7 millions, soit 49 % de qui ne sont pas conscients de leur maladie et 2,2 millions sont pr\u00e9-diab\u00e9tiques\u00a0\u00bb, souligne le d\u00e9partement en marge de la c\u00e9l\u00e9bration de la Journ\u00e9e mondiale du diab\u00e8te c\u00e9l\u00e9br\u00e9e cette ann\u00e9e sous le th\u00e8me \u00ab L&rsquo;acc\u00e8s des diab\u00e9tiques aux soins de sant\u00e9 \u00bb.<\/p>\n<\/div>\n<\/div>\n<\/div>\n<\/div>\n<p>Auteur: hgueye<br \/>\n<a href=\"https:\/\/www.leconomiste.com\/flash-infos\/2-7-millions-d-adultes-diabetiques-au-maroc\">Cliquez ici pour lire l&rsquo;article depuis sa source.<\/a><\/p>\n","protected":false},"excerpt":{"rendered":"<p>Le Maroc compte 2,7 millions d\u2019adultes diab\u00e9tiques, selon les donn\u00e9es du minist\u00e8re de la Sant\u00e9 et de la Protection sociale issues de l\u2019enqu\u00eate nationale sur les maladies non transmissibles couvrant l\u2019ann\u00e9e 2018. \u00ab\u00a0Le nombre de diab\u00e9tiques adultes est estim\u00e9 \u00e0 environ 2,7 millions, soit 49 % de qui ne sont pas conscients de leur maladie [&hellip;]<\/p>\n","protected":false},"author":1763,"featured_media":0,"comment_status":"closed","ping_status":"closed","sticky":false,"template":"","format":"standard","meta":{"fifu_image_url":"","fifu_image_alt":"","footnotes":""},"categories":[78,54],"tags":[],"class_list":["post-132899","post","type-post","status-publish","format-standard","hentry","category-economie","category-maroc"],"_links":{"self":[{"href":"https:\/\/linitiative.ca\/International\/wp-json\/wp\/v2\/posts\/132899","targetHints":{"allow":["GET"]}}],"collection":[{"href":"https:\/\/linitiative.ca\/International\/wp-json\/wp\/v2\/posts"}],"about":[{"href":"https:\/\/linitiative.ca\/International\/wp-json\/wp\/v2\/types\/post"}],"author":[{"embeddable":true,"href":"https:\/\/linitiative.ca\/International\/wp-json\/wp\/v2\/users\/1763"}],"replies":[{"embeddable":true,"href":"https:\/\/linitiative.ca\/International\/wp-json\/wp\/v2\/comments?post=132899"}],"version-history":[{"count":0,"href":"https:\/\/linitiative.ca\/International\/wp-json\/wp\/v2\/posts\/132899\/revisions"}],"wp:attachment":[{"href":"https:\/\/linitiative.ca\/International\/wp-json\/wp\/v2\/media?parent=132899"}],"wp:term":[{"taxonomy":"category","embeddable":true,"href":"https:\/\/linitiative.ca\/International\/wp-json\/wp\/v2\/categories?post=132899"},{"taxonomy":"post_tag","embeddable":true,"href":"https:\/\/linitiative.ca\/International\/wp-json\/wp\/v2\/tags?post=132899"}],"curies":[{"name":"wp","href":"https:\/\/api.w.org\/{rel}","templated":true}]}}