{"id":132925,"date":"2021-11-14T16:17:53","date_gmt":"2021-11-14T21:17:53","guid":{"rendered":"https:\/\/linitiative.ca\/International\/bardo-proces-verbaux-contre-des-manifestants-photos-le-ministere-de-llnterieur-revele-les-saisies\/"},"modified":"2021-11-14T16:17:53","modified_gmt":"2021-11-14T21:17:53","slug":"bardo-proces-verbaux-contre-des-manifestants-photos-le-ministere-de-llnterieur-revele-les-saisies","status":"publish","type":"post","link":"https:\/\/linitiative.ca\/International\/bardo-proces-verbaux-contre-des-manifestants-photos-le-ministere-de-llnterieur-revele-les-saisies\/","title":{"rendered":"Bardo-Proc\u00e8s-verbaux contre des manifestants [PHOTOS]: Le minist\u00e8re de l\u2019lnt\u00e9rieur r\u00e9v\u00e8le les saisies"},"content":{"rendered":"<div>\n<p>En marge de la publication des communiqu\u00e9s sur l\u2019\u00e9mission de proc\u00e8s-verbaux de recherche par les unit\u00e9s s\u00e9curitaires contre certains participants \u00e0 la manifestation \u00e0 Bardo aujourd\u2019hui 14 novembre 2021, le minist\u00e8re de l\u2019Int\u00e9rieur a publi\u00e9 les photos des saisies. En effet, les personnes arr\u00eat\u00e9es sont poursuivis pour port et d\u00e9tention de couteaux sans licence.<\/p>\n<p>L\u2019article <a href=\"https:\/\/www.tunisienumerique.com\/bardo-proces-verbaux-contre-des-manifestants-photos-le-ministere-de-llnterieur-revele-les-saisies\/\">Bardo-Proc\u00e8s-verbaux contre des manifestants [PHOTOS]: Le minist\u00e8re de l\u2019lnt\u00e9rieur r\u00e9v\u00e8le les saisies<\/a> est apparu en premier sur <a href=\"https:\/\/www.tunisienumerique.com\/\">Tunisie<\/a>.<\/p>\n<\/div>\n<p>Auteur: rania ben slimane<br \/>\n<a href=\"https:\/\/www.tunisienumerique.com\/bardo-proces-verbaux-contre-des-manifestants-photos-le-ministere-de-llnterieur-revele-les-saisies\/\">Cliquez ici pour lire l&rsquo;article depuis sa source.<\/a><\/p>\n","protected":false},"excerpt":{"rendered":"<p>En marge de la publication des communiqu\u00e9s sur l\u2019\u00e9mission de proc\u00e8s-verbaux de recherche par les unit\u00e9s s\u00e9curitaires contre certains participants \u00e0 la manifestation \u00e0 Bardo aujourd\u2019hui 14 novembre 2021, le minist\u00e8re de l\u2019Int\u00e9rieur a publi\u00e9 les photos des saisies. En effet, les personnes arr\u00eat\u00e9es sont poursuivis pour port et d\u00e9tention de couteaux sans licence. L\u2019article [&hellip;]<\/p>\n","protected":false},"author":1789,"featured_media":0,"comment_status":"closed","ping_status":"closed","sticky":false,"template":"","format":"standard","meta":{"fifu_image_url":"","fifu_image_alt":"","footnotes":""},"categories":[73,55],"tags":[],"class_list":["post-132925","post","type-post","status-publish","format-standard","hentry","category-actualite","category-tunisie"],"_links":{"self":[{"href":"https:\/\/linitiative.ca\/International\/wp-json\/wp\/v2\/posts\/132925","targetHints":{"allow":["GET"]}}],"collection":[{"href":"https:\/\/linitiative.ca\/International\/wp-json\/wp\/v2\/posts"}],"about":[{"href":"https:\/\/linitiative.ca\/International\/wp-json\/wp\/v2\/types\/post"}],"author":[{"embeddable":true,"href":"https:\/\/linitiative.ca\/International\/wp-json\/wp\/v2\/users\/1789"}],"replies":[{"embeddable":true,"href":"https:\/\/linitiative.ca\/International\/wp-json\/wp\/v2\/comments?post=132925"}],"version-history":[{"count":0,"href":"https:\/\/linitiative.ca\/International\/wp-json\/wp\/v2\/posts\/132925\/revisions"}],"wp:attachment":[{"href":"https:\/\/linitiative.ca\/International\/wp-json\/wp\/v2\/media?parent=132925"}],"wp:term":[{"taxonomy":"category","embeddable":true,"href":"https:\/\/linitiative.ca\/International\/wp-json\/wp\/v2\/categories?post=132925"},{"taxonomy":"post_tag","embeddable":true,"href":"https:\/\/linitiative.ca\/International\/wp-json\/wp\/v2\/tags?post=132925"}],"curies":[{"name":"wp","href":"https:\/\/api.w.org\/{rel}","templated":true}]}}