{"id":132941,"date":"2021-11-14T16:13:31","date_gmt":"2021-11-14T21:13:31","guid":{"rendered":"https:\/\/linitiative.ca\/International\/forum-de-paris-pour-la-paix-pour-une-mobilisation-de-tous-les-acteurs-concernes\/"},"modified":"2021-11-14T16:13:31","modified_gmt":"2021-11-14T21:13:31","slug":"forum-de-paris-pour-la-paix-pour-une-mobilisation-de-tous-les-acteurs-concernes","status":"publish","type":"post","link":"https:\/\/linitiative.ca\/International\/forum-de-paris-pour-la-paix-pour-une-mobilisation-de-tous-les-acteurs-concernes\/","title":{"rendered":"Forum de Paris pour la paix  : pour une mobilisation de tous les acteurs concern\u00e9s"},"content":{"rendered":"<div>\n<p><strong>Le Pr\u00e9sident du Faso, Roch Marc Christian Kabor\u00e9, a pris part du 11 au 13 novembre 2021 \u00e0 la IVe \u00e9dition du forum de Paris sur la paix en France. Au cours de son s\u00e9jour parisien, le chef de l\u2019Etat a particip\u00e9 \u00e0 un mini-sommet du G5 Sahel.<\/strong><\/p>\n<p>Plac\u00e9e sous le th\u00e8me \u00ab R\u00e9duire les fractures mondiales \u00bb, la IVe \u00e9dition du forum de Paris sur la paix a eu pour objectif d\u2019encourager une reprise post-COVID-19 plus solide et plus inclusive. Pour faire face aux d\u00e9fis contemporains et aux attaques contre le multilat\u00e9ralisme, le forum, organis\u00e9 du 11 au 13 novembre 2021 \u00e0 Paris en France, s\u2019est voulu une force de mobilisation de tous les acteurs concern\u00e9s. Ainsi, il a connu la participation de 450 invit\u00e9s dont une trentaine de chefs d\u2019\u00c9tat et de gouvernement parmi lesquels, le Pr\u00e9sident du Faso, Roch Marc Christian Kabor\u00e9. Selon le ministre des Affaires \u00e9trang\u00e8res, de la Coop\u00e9ration, de l\u2019Int\u00e9gration africaine et des Burkinab\u00e8 de l\u2019ext\u00e9rieur, Alpha Barry, il s\u2019est agi de fa\u00e7on concr\u00e8te de parler des probl\u00e9matiques li\u00e9es \u00e0 la paix. \u00ab Face \u00e0 la situation que nous vivons actuellement, la paix est la chose la plus ch\u00e8re pour nous. Il est donc important d\u2019\u00eatre dans un tel forum, non seulement pour le d\u00e9bat g\u00e9n\u00e9ral qui s\u2019y m\u00e8ne, mais pour toutes les rencontres bilat\u00e9rales, les \u00e9changes qu\u2019il peut y avoir avec des partenaires, qu\u2019ils soient multilat\u00e9raux ou qu\u2019ils soient bilat\u00e9raux\u00bb, a-t-il d\u00e9clar\u00e9. Dans la capitale fran\u00e7aise, le chef de l\u2019Etat a eu des s\u00e9ances de travail \u00e0 l\u2019Elys\u00e9e avec ses homologues du Niger, Mohamed Bazoum, du Tchad, Mahamat Idriss Deby et de la France, Emmanuel Macron, dans le cadre d\u2019un mini-sommet \u00ab G5 Sahel-France \u00bb.<\/p>\n<p>Le ministre Alpha Barry a expliqu\u00e9 qu\u2019il a \u00e9t\u00e9 question de faire le point sur la situation au Sahel qui, de son avis s\u2019est beaucoup d\u00e9grad\u00e9e ces derniers temps. Les sujets abord\u00e9s, a dit le repr\u00e9sentant de la diplomatie burkinab\u00e8, ont concern\u00e9 la force conjointe du G5 Sahel et les relations de partenariat d\u2019intervention sur le terrain. \u00ab Les trois chefs d\u2019Etat ont fait le point sur l\u2019\u00e9volution du G5 Sahel, de la force conjointe et comment ils peuvent relancer les activit\u00e9s apr\u00e8s avoir fait le point de la recrudescence des attaques terroristes. L\u2019id\u00e9e de la convocation d\u2019un sommet en urgence du G5 Sahel a \u00e9t\u00e9 \u00e9mise et cela devrait donc \u00eatre mis en \u0153uvre tr\u00e8s prochainement \u00bb, a-t-il confi\u00e9. Le pr\u00e9sident du Faso s\u2019est entretenu \u00e9galement avec son homologue du Nigeria, Muhammadu Buhari. Tous deux \u00e9taient au dernier sommet de la CEDEAO au Ghana. Alpha Barry a inform\u00e9 que les deux chefs d\u2019Etat ont fait le point des r\u00e9centes d\u00e9cisions prises par la conf\u00e9rence des chefs d\u2019\u00c9tat et de gouvernements de la CEDEAO. \u00ab Ils ont aussi fait le point sur la situation s\u00e9curitaire \u00e0 la fois dans la zone du Sahel et dans la zone du bassin du Lac Tchad qui ont en commun le ph\u00e9nom\u00e8ne terroriste : Boko Haram d\u2019un c\u00f4t\u00e9 et l\u2019ins\u00e9curit\u00e9 dans la zone des trois fronti\u00e8res (Burkina, Mali et Niger, Ndlr) \u00bb, a \u00e9tay\u00e9 le ministre des Affaires \u00e9trang\u00e8res.<\/p>\n<p style=\"text-align: right\"><strong>Synth\u00e8se de Pat\u00e9n\u00e9ma Oumar OUEDRAOGO<\/strong><\/p>\n<hr>\n<h3><strong>Le Pr\u00e9sident Roch Marc au 75e anniversaire de l\u2019UNESCO<\/strong><\/h3>\n<p><img decoding=\"async\" loading=\"lazy\" class=\"size-medium wp-image-42097 alignleft\" src=\"https:\/\/linitiative.ca\/International\/wp-content\/uploads\/sites\/23\/2021\/11\/2-16-199x300-1.jpg\" alt=\"\" width=\"199\" height=\"300\" srcset=\"https:\/\/linitiative.ca\/International\/wp-content\/uploads\/sites\/23\/2021\/11\/2-16-199x300-1.jpg 199w, https:\/\/www.sidwaya.info\/wp-content\/uploads\/2021\/11\/2-16-150x226.jpg 150w, https:\/\/www.sidwaya.info\/wp-content\/uploads\/2021\/11\/2-16-300x451.jpg 300w, https:\/\/www.sidwaya.info\/wp-content\/uploads\/2021\/11\/2-16-279x420.jpg 279w, https:\/\/www.sidwaya.info\/wp-content\/uploads\/2021\/11\/2-16.jpg 523w\" sizes=\"auto, (max-width: 199px) 100vw, 199px\">En marge de son s\u00e9jour parisien le Pr\u00e9sident du Faso, Roch Marc Christian Kabor\u00e9 a fait une d\u00e9claration au segment de haut niveau du 75e anniversaire de l\u2019UNESCO, le vendredi 12 novembre 2021. Dans son discours, il a r\u00e9affirm\u00e9 l\u2019attachement du pays des Hommes int\u00e8gres aux id\u00e9aux de notre organisation tel que stipul\u00e9 dans son Acte constitutif, ainsi qu\u2019au multilat\u00e9ralisme depuis 61 ans. Roch Marc Christian Kabor\u00e9 a adress\u00e9 ses f\u00e9licitations \u00e0 la directrice g\u00e9n\u00e9rale de l\u2019UNESCO Audrey Azoulay, pour sa r\u00e9\u00e9lection et lui a r\u00e9it\u00e9r\u00e9 son plein soutien. \u00ab Le Burkina Faso salue et appr\u00e9cie particuli\u00e8rement sa coop\u00e9ration f\u00e9conde avec l\u2019UNESCO dans la r\u00e9forme, la modernisation et la transformation de son syst\u00e8me \u00e9ducatif \u00bb, a-t-il mentionn\u00e9. Le Pr\u00e9sident du Faso a dit attendre beaucoup de l\u2019institution concernant la mise en place de la Recherche-action sur la mesure des apprentissages des b\u00e9n\u00e9ficiaires des programmes d\u2019alphab\u00e9tisation \u00e0 laquelle le Burkina Faso a souscrite. Car pour lui, face aux nombreuses crises qui secouent notre monde, l\u2019UNESCO a toujours su jouer sa partition. Synth\u00e8se de POO<\/p>\n<p>L\u2019article <a rel=\"nofollow\" href=\"https:\/\/www.sidwaya.info\/blog\/2021\/11\/14\/forum-de-paris-pour-la-paix-pour-une-mobilisation-de-tous-les-acteurs-concernes\/\">Forum de Paris pour la paix  : pour une mobilisation de tous les acteurs concern\u00e9s<\/a> est apparu en premier sur <a rel=\"nofollow\" href=\"https:\/\/www.sidwaya.info\/\">Quotidien Sidwaya<\/a>.<\/p>\n<\/div>\n<p>Auteur: JK. Sidwaya<br \/>\n<a href=\"https:\/\/www.sidwaya.info\/blog\/2021\/11\/14\/forum-de-paris-pour-la-paix-pour-une-mobilisation-de-tous-les-acteurs-concernes\/\">Cliquez ici pour lire l&rsquo;article depuis sa source.<\/a><\/p>\n","protected":false},"excerpt":{"rendered":"<p>Le Pr\u00e9sident du Faso, Roch Marc Christian Kabor\u00e9, a pris part du 11 au 13 novembre 2021 \u00e0 la IVe \u00e9dition du forum de Paris sur la paix en France. Au cours de son s\u00e9jour parisien, le chef de l\u2019Etat a particip\u00e9 \u00e0 un mini-sommet du G5 Sahel. Plac\u00e9e sous le th\u00e8me \u00ab R\u00e9duire les [&hellip;]<\/p>\n","protected":false},"author":1816,"featured_media":0,"comment_status":"closed","ping_status":"closed","sticky":false,"template":"","format":"standard","meta":{"fifu_image_url":"https:\/\/www.sidwaya.info\/wp-content\/uploads\/2021\/11\/2-16-199x300.jpg","fifu_image_alt":"Forum de Paris pour la paix  : pour une mobilisation de tous les acteurs concern\u00e9s","footnotes":""},"categories":[73,81],"tags":[],"class_list":["post-132941","post","type-post","status-publish","format-standard","hentry","category-actualite","category-burkina-faso"],"_links":{"self":[{"href":"https:\/\/linitiative.ca\/International\/wp-json\/wp\/v2\/posts\/132941","targetHints":{"allow":["GET"]}}],"collection":[{"href":"https:\/\/linitiative.ca\/International\/wp-json\/wp\/v2\/posts"}],"about":[{"href":"https:\/\/linitiative.ca\/International\/wp-json\/wp\/v2\/types\/post"}],"author":[{"embeddable":true,"href":"https:\/\/linitiative.ca\/International\/wp-json\/wp\/v2\/users\/1816"}],"replies":[{"embeddable":true,"href":"https:\/\/linitiative.ca\/International\/wp-json\/wp\/v2\/comments?post=132941"}],"version-history":[{"count":0,"href":"https:\/\/linitiative.ca\/International\/wp-json\/wp\/v2\/posts\/132941\/revisions"}],"wp:attachment":[{"href":"https:\/\/linitiative.ca\/International\/wp-json\/wp\/v2\/media?parent=132941"}],"wp:term":[{"taxonomy":"category","embeddable":true,"href":"https:\/\/linitiative.ca\/International\/wp-json\/wp\/v2\/categories?post=132941"},{"taxonomy":"post_tag","embeddable":true,"href":"https:\/\/linitiative.ca\/International\/wp-json\/wp\/v2\/tags?post=132941"}],"curies":[{"name":"wp","href":"https:\/\/api.w.org\/{rel}","templated":true}]}}