{"id":132943,"date":"2021-11-14T16:17:26","date_gmt":"2021-11-14T21:17:26","guid":{"rendered":"https:\/\/linitiative.ca\/International\/bilan-provisoire-de-lattaque-dinata-20-morts-dont-un-civil-selon-le-ministre-maxime-kone\/"},"modified":"2021-11-14T16:17:26","modified_gmt":"2021-11-14T21:17:26","slug":"bilan-provisoire-de-lattaque-dinata-20-morts-dont-un-civil-selon-le-ministre-maxime-kone","status":"publish","type":"post","link":"https:\/\/linitiative.ca\/International\/bilan-provisoire-de-lattaque-dinata-20-morts-dont-un-civil-selon-le-ministre-maxime-kone\/","title":{"rendered":"Bilan provisoire de l\u2019attaque d\u2019Inata  : 20 morts dont un civil, selon le ministre Maxime Kon\u00e9"},"content":{"rendered":"<div>\n<p><strong>Apr\u00e8s l\u2019attaque hier dimanche 14 novembre 2021 du d\u00e9tachement de gendarmerie de Inata, Soum (Sahel), le ministre de la S\u00e9curit\u00e9, Maxime Kon\u00e9 a annonc\u00e9 sur les antennes de la t\u00e9l\u00e9vision nationale, que le bilan provisoire fait \u00e9tat de 20 \u00ab d\u00e9c\u00e9d\u00e9s dont un civil \u00bb.<\/strong><\/p>\n<p>\u00abCe matin, le d\u00e9tachement de gendarmerie d\u2019Inata a subi une attaque massive et barbare, une attaque au cours de laquelle, il y a eu des combats avec nos forces qui avec beaucoup de courage, de dignit\u00e9 et d\u2019abn\u00e9gation ont tenu leur position. Et \u00e0 l\u2019heure du bilan provisoire, nous enregistrons 20 d\u00e9c\u00e9d\u00e9s dont un civil. Nous avons retrouv\u00e9 \u00e0 peu pr\u00e8s 22 rescap\u00e9s et le ratissage se poursuit pour retrouver tous les \u00e9l\u00e9ments qui \u00e9taient engag\u00e9s dans le combat. Suite \u00e0 cette attaque, nos forces ont pu prendre pied sur les th\u00e9\u00e2tres des op\u00e9rations et proc\u00e9d\u00e9 \u00e0 un ratissage et repouss\u00e9 aussi l\u2019ennemi. C\u2019est la pr\u00e9sence de ces forces qui nous a permis d\u2019avoir ce bilan provisoire. Mais le travail de ratissage se poursuit quand on connait l\u2019\u00e9tendue de cet espace.<\/p>\n<p>Je voudrais tout d\u2019abord dire \u00e0 nos forces combattantes sur le terrain que le gouvernement a une profonde compassion pour ceux qui sont tomb\u00e9s et continue d\u2019apporter des soutiens \u00e0 tous ceux qui sont en train de combattre actuellement et \u00e0 tous ceux qui ont \u00e9t\u00e9 d\u00e9ploy\u00e9s pour faire le ratissage et mettre sous protection nos forces qui sont un peu dispers\u00e9es dans cet espace. Ce sont des moments difficiles pour la nation. C\u2019est le moment o\u00f9 nous devons nous unir, et chercher la coh\u00e9sion. C\u2019est le moment o\u00f9 nous devons \u00e0 l\u2019unisson nous mobiliser derri\u00e8re nos forces de d\u00e9fense et de s\u00e9curit\u00e9. Je voudrais aussi rassurer nos concitoyens et concitoyennes que le bilan sera fait de mani\u00e8re exhaustive, sinc\u00e8re parce notre peuple doit savoir toute la v\u00e9rit\u00e9 sur cette affaire \u00bb.<\/p>\n<p style=\"text-align: right\"><strong>La R\u00e9daction <\/strong><\/p>\n<p style=\"text-align: right\"><strong>Source : RTB <\/strong><\/p>\n<p>L\u2019article <a rel=\"nofollow\" href=\"https:\/\/www.sidwaya.info\/blog\/2021\/11\/14\/bilan-provisoire-de-lattaque-dinata-20-morts-dont-un-civil-selon-le-ministre-maxime-kone\/\">Bilan provisoire de l\u2019attaque d\u2019Inata  : 20 morts dont un civil, selon le ministre Maxime Kon\u00e9<\/a> est apparu en premier sur <a rel=\"nofollow\" href=\"https:\/\/www.sidwaya.info\/\">Quotidien Sidwaya<\/a>.<\/p>\n<\/div>\n<p>Auteur: JK. Sidwaya<br \/>\n<a href=\"https:\/\/www.sidwaya.info\/blog\/2021\/11\/14\/bilan-provisoire-de-lattaque-dinata-20-morts-dont-un-civil-selon-le-ministre-maxime-kone\/\">Cliquez ici pour lire l&rsquo;article depuis sa source.<\/a><\/p>\n","protected":false},"excerpt":{"rendered":"<p>Apr\u00e8s l\u2019attaque hier dimanche 14 novembre 2021 du d\u00e9tachement de gendarmerie de Inata, Soum (Sahel), le ministre de la S\u00e9curit\u00e9, Maxime Kon\u00e9 a annonc\u00e9 sur les antennes de la t\u00e9l\u00e9vision nationale, que le bilan provisoire fait \u00e9tat de 20 \u00ab d\u00e9c\u00e9d\u00e9s dont un civil \u00bb. \u00abCe matin, le d\u00e9tachement de gendarmerie d\u2019Inata a subi une [&hellip;]<\/p>\n","protected":false},"author":1816,"featured_media":0,"comment_status":"closed","ping_status":"closed","sticky":false,"template":"","format":"standard","meta":{"fifu_image_url":"","fifu_image_alt":"","footnotes":""},"categories":[73,81],"tags":[],"class_list":["post-132943","post","type-post","status-publish","format-standard","hentry","category-actualite","category-burkina-faso"],"_links":{"self":[{"href":"https:\/\/linitiative.ca\/International\/wp-json\/wp\/v2\/posts\/132943","targetHints":{"allow":["GET"]}}],"collection":[{"href":"https:\/\/linitiative.ca\/International\/wp-json\/wp\/v2\/posts"}],"about":[{"href":"https:\/\/linitiative.ca\/International\/wp-json\/wp\/v2\/types\/post"}],"author":[{"embeddable":true,"href":"https:\/\/linitiative.ca\/International\/wp-json\/wp\/v2\/users\/1816"}],"replies":[{"embeddable":true,"href":"https:\/\/linitiative.ca\/International\/wp-json\/wp\/v2\/comments?post=132943"}],"version-history":[{"count":0,"href":"https:\/\/linitiative.ca\/International\/wp-json\/wp\/v2\/posts\/132943\/revisions"}],"wp:attachment":[{"href":"https:\/\/linitiative.ca\/International\/wp-json\/wp\/v2\/media?parent=132943"}],"wp:term":[{"taxonomy":"category","embeddable":true,"href":"https:\/\/linitiative.ca\/International\/wp-json\/wp\/v2\/categories?post=132943"},{"taxonomy":"post_tag","embeddable":true,"href":"https:\/\/linitiative.ca\/International\/wp-json\/wp\/v2\/tags?post=132943"}],"curies":[{"name":"wp","href":"https:\/\/api.w.org\/{rel}","templated":true}]}}