{"id":132944,"date":"2021-11-13T18:18:02","date_gmt":"2021-11-13T23:18:02","guid":{"rendered":"https:\/\/linitiative.ca\/International\/foot-elim-mondial-2022-la-cote-divoire-etrille-le-mozambique-3-0\/"},"modified":"2021-11-13T18:18:02","modified_gmt":"2021-11-13T23:18:02","slug":"foot-elim-mondial-2022-la-cote-divoire-etrille-le-mozambique-3-0","status":"publish","type":"post","link":"https:\/\/linitiative.ca\/International\/foot-elim-mondial-2022-la-cote-divoire-etrille-le-mozambique-3-0\/","title":{"rendered":"Foot\/Elim, mondial 2022: la C\u00f4te d\u2019Ivoire \u00e9trille le Mozambique (3-0)"},"content":{"rendered":"<div>\n<p><img loading=\"lazy\" decoding=\"async\" width=\"1000\" height=\"600\" src=\"https:\/\/linitiative.ca\/International\/wp-content\/uploads\/sites\/23\/2021\/11\/16368454828181.jpg\" class=\"attachment-post-thumbnail size-post-thumbnail wp-post-image\" alt=\"\" srcset=\"https:\/\/linitiative.ca\/International\/wp-content\/uploads\/sites\/23\/2021\/11\/16368454828181.jpg 1000w, https:\/\/www.journalducameroun.com\/wp-content\/uploads\/2021\/11\/16368454828181-300x180.jpg 300w, https:\/\/www.journalducameroun.com\/wp-content\/uploads\/2021\/11\/16368454828181-768x461.jpg 768w, https:\/\/www.journalducameroun.com\/wp-content\/uploads\/2021\/11\/16368454828181-733x440.jpg 733w, https:\/\/www.journalducameroun.com\/wp-content\/uploads\/2021\/11\/16368454828181-600x360.jpg 600w\" sizes=\"auto, (max-width: 1000px) 100vw, 1000px\"><\/p>\n<p>La C\u00f4te d&rsquo;Ivoire s&rsquo;est impos\u00e9e samedi face au Mozambique (3-0), au 2e tour des \u00e9liminatoires de la Coupe du monde de football \u00ab\u00a0Qatar 2022\u00a0\u00bb, conservant le 1er rang du Groupe D, au stade de l&rsquo;Amiti\u00e9 Mathieu K\u00e9r\u00e9kou, \u00e0 Cotonou.<\/p>\n<p>A la 10e minute, les \u00c9l\u00e9phants se signalent avec un but de l&rsquo;attaquant Max-Alain Gradel. Les hommes de Patrice Beaumelle, le s\u00e9lectionneur ivoirien, conservent cette diff\u00e9rence jusqu&rsquo;au terme de la premi\u00e8re mi-temps.\u00a0<\/p>\n<p>Du retour des vestiaires, les Mozambicains envoient des \u00e9tincelles dans le camp de la C\u00f4te d&rsquo;Ivoire, mais le portier ivoirien r\u00e9ussit \u00e0 contrer les tirs. Maxwel Cornet, \u00e0 la 60e minute, corse le score au profit des pachydermes.<\/p>\n<p>Les \u00c9l\u00e9phants assurent toujours la ma\u00eetrise du jeu. Avant la fin des hostilit\u00e9s, Jean Michael Seri, apr\u00e8s un drible dans la surface de r\u00e9paration, lobe le gardien \u00e0 la 86e minute, donnant un fort avantage \u00e0 son \u00e9quipe: C\u00f4te d&rsquo;Ivoire-Mozambique \u00a0(3-0). La C\u00f4te d&rsquo;Ivoire affronte les Lions indomptables le mardi prochain au Cameroun.\u00a0<\/p>\n<p>Cet article <a rel=\"nofollow\" href=\"https:\/\/www.journalducameroun.com\/foot-elim-mondial-2022-la-cote-divoire-etrille-le-mozambique-3-0\/\">Foot\/Elim, mondial 2022: la C\u00f4te d\u2019Ivoire \u00e9trille le Mozambique (3-0)<\/a> est apparu en premier sur <a rel=\"nofollow\" href=\"https:\/\/www.journalducameroun.com\/\">Journal du Cameroun<\/a>.<\/p>\n<\/div>\n<p>Auteur: APA News<br \/>\n<a href=\"https:\/\/www.journalducameroun.com\/foot-elim-mondial-2022-la-cote-divoire-etrille-le-mozambique-3-0\/\">Cliquez ici pour lire l&rsquo;article depuis sa source.<\/a><\/p>\n","protected":false},"excerpt":{"rendered":"<p>La C\u00f4te d&rsquo;Ivoire s&rsquo;est impos\u00e9e samedi face au Mozambique (3-0), au 2e tour des \u00e9liminatoires de la Coupe du monde de football \u00ab\u00a0Qatar 2022\u00a0\u00bb, conservant le 1er rang du Groupe D, au stade de l&rsquo;Amiti\u00e9 Mathieu K\u00e9r\u00e9kou, \u00e0 Cotonou. A la 10e minute, les \u00c9l\u00e9phants se signalent avec un but de l&rsquo;attaquant Max-Alain Gradel. Les [&hellip;]<\/p>\n","protected":false},"author":1965,"featured_media":0,"comment_status":"closed","ping_status":"closed","sticky":false,"template":"","format":"standard","meta":{"fifu_image_url":"https:\/\/www.journalducameroun.com\/wp-content\/uploads\/2021\/11\/16368454828181.jpg","fifu_image_alt":"Foot\/Elim, mondial 2022: la C\u00f4te d\u2019Ivoire \u00e9trille le Mozambique (3-0)","footnotes":""},"categories":[73,82],"tags":[],"class_list":["post-132944","post","type-post","status-publish","format-standard","hentry","category-actualite","category-cameroun"],"_links":{"self":[{"href":"https:\/\/linitiative.ca\/International\/wp-json\/wp\/v2\/posts\/132944","targetHints":{"allow":["GET"]}}],"collection":[{"href":"https:\/\/linitiative.ca\/International\/wp-json\/wp\/v2\/posts"}],"about":[{"href":"https:\/\/linitiative.ca\/International\/wp-json\/wp\/v2\/types\/post"}],"author":[{"embeddable":true,"href":"https:\/\/linitiative.ca\/International\/wp-json\/wp\/v2\/users\/1965"}],"replies":[{"embeddable":true,"href":"https:\/\/linitiative.ca\/International\/wp-json\/wp\/v2\/comments?post=132944"}],"version-history":[{"count":0,"href":"https:\/\/linitiative.ca\/International\/wp-json\/wp\/v2\/posts\/132944\/revisions"}],"wp:attachment":[{"href":"https:\/\/linitiative.ca\/International\/wp-json\/wp\/v2\/media?parent=132944"}],"wp:term":[{"taxonomy":"category","embeddable":true,"href":"https:\/\/linitiative.ca\/International\/wp-json\/wp\/v2\/categories?post=132944"},{"taxonomy":"post_tag","embeddable":true,"href":"https:\/\/linitiative.ca\/International\/wp-json\/wp\/v2\/tags?post=132944"}],"curies":[{"name":"wp","href":"https:\/\/api.w.org\/{rel}","templated":true}]}}