{"id":132946,"date":"2021-11-13T23:18:02","date_gmt":"2021-11-14T04:18:02","guid":{"rendered":"https:\/\/linitiative.ca\/International\/senegal-lancement-dune-academie-des-sciences-religieuses\/"},"modified":"2021-11-13T23:18:02","modified_gmt":"2021-11-14T04:18:02","slug":"senegal-lancement-dune-academie-des-sciences-religieuses","status":"publish","type":"post","link":"https:\/\/linitiative.ca\/International\/senegal-lancement-dune-academie-des-sciences-religieuses\/","title":{"rendered":"S\u00e9n\u00e9gal : lancement d\u2019une acad\u00e9mie des sciences religieuses"},"content":{"rendered":"<div>\n<p><img loading=\"lazy\" decoding=\"async\" width=\"1080\" height=\"717\" src=\"https:\/\/linitiative.ca\/International\/wp-content\/uploads\/sites\/23\/2021\/11\/16368634824561.jpg\" class=\"attachment-post-thumbnail size-post-thumbnail wp-post-image\" alt=\"\" srcset=\"https:\/\/linitiative.ca\/International\/wp-content\/uploads\/sites\/23\/2021\/11\/16368634824561.jpg 1080w, https:\/\/www.journalducameroun.com\/wp-content\/uploads\/2021\/11\/16368634824561-300x199.jpg 300w, https:\/\/www.journalducameroun.com\/wp-content\/uploads\/2021\/11\/16368634824561-768x510.jpg 768w, https:\/\/www.journalducameroun.com\/wp-content\/uploads\/2021\/11\/16368634824561-1024x680.jpg 1024w, https:\/\/www.journalducameroun.com\/wp-content\/uploads\/2021\/11\/16368634824561-663x440.jpg 663w, https:\/\/www.journalducameroun.com\/wp-content\/uploads\/2021\/11\/16368634824561-600x398.jpg 600w\" sizes=\"auto, (max-width: 1080px) 100vw, 1080px\"><\/p>\n<p>L&rsquo;Acad\u00e9mie Africaine des Sciences Religieuses, Sociales et Politiques(AASRSP) dont  l&rsquo;ambition est de perp\u00e9tuer l&rsquo;h\u00e9ritage de l&rsquo;intellectuel s\u00e9n\u00e9galais Alioune Diop (1910-1980), promoteur de la revue Pr\u00e9sence africaine, a \u00e9t\u00e9 officiellement lanc\u00e9e ce samedi \u00e0 Dakar, a constat\u00e9 APA.L&rsquo;Afrique dispose d\u00e9sormais de son acad\u00e9mie des sciences religieuses, sociales et politiques. Sa cr\u00e9ation avait \u00e9t\u00e9 recommand\u00e9e lors du colloque international \u00ab 50 ans apr\u00e8s Vatican II, l&rsquo;Afrique et l&rsquo;h\u00e9ritage d&rsquo;Alioune Diop : le dialogue des religions et les d\u00e9fis du temps pr\u00e9sent \u00bb, organis\u00e9 \u00e0 Dakar en janvier 2016.<\/p>\n<p>Par la suite des la\u00efcs chr\u00e9tiens engag\u00e9s et des religieux et parmi des participants des non chr\u00e9tiens, se sont retrouv\u00e9s pour r\u00e9fl\u00e9chir sur la fa\u00e7on de poursuivre l&rsquo;intuition d&rsquo;Alioune Diop, tenant compte des d\u00e9fis du temps pr\u00e9sent.<\/p>\n<p>Cette acad\u00e9mie qui se veut \u00ab panafricaine, d&rsquo;Afrique et de Madagascar, et ouverte sur le monde \u00bb, a son si\u00e8ge \u00e0 Dakar. D&rsquo;initiative la\u00efque et autonome, selon ses promoteurs, l&rsquo;entit\u00e9 est \u00ab \u0153cum\u00e9nique dans son organisation,\u00a0(mais) non confessionnelle dans le choix de ses membres. \u00bb \u00a0 \u00a0 \u00a0<\/p>\n<p>\u00ab Par sa nature,\u00a0pr\u00e9cisent-ils, elle est une institution de r\u00e9flexion et de recherche, privil\u00e9giant comme m\u00e9thode la transdisciplinarit\u00e9.\u00a0\u00bb<\/p>\n<p>Ses activit\u00e9s de r\u00e9flexion concernent les probl\u00e8mes majeurs de notre soci\u00e9t\u00e9 dans les domaines religieux, social, politique, scientifique, culturel et environnemental. Ainsi, la dimension intellectuelle et sp\u00e9culative de l&rsquo;acad\u00e9mie sera nourrie par l&rsquo;exp\u00e9rience pratique.<\/p>\n<p>Dans cette perspective, elle compte notamment d\u00e9fendre le pluralisme religieux et culturel, \u00ab en assumant au sein de l&rsquo;\u00e9glise et de la soci\u00e9t\u00e9 une fonction de veille, d&rsquo;ouverture et de dialogue multiconfessionnel.\u00a0\u00bb<\/p>\n<p>A travers cette institution, le pr\u00e9sident de l&rsquo;Assembl\u00e9e nationale du S\u00e9n\u00e9gal voit une \u00ab voie id\u00e9ale pour b\u00e2tir un monde de paix o\u00f9 \u00e9riger des lieux d&rsquo;\u00e9change, d&rsquo;attention et d&rsquo;\u00e9coute de l&rsquo;autre, de recherche, d&rsquo;apprentissage aboutissant \u00e0 l&rsquo;enrichissement mutuel gr\u00e2ce \u00e0 ce carrefour humain port\u00e9 par l&rsquo;exp\u00e9rience qui unit des hommes et des femmes d&rsquo;horizons divers.\u00a0\u00bb<\/p>\n<p>Pour Moustapha Niasse, \u00ab le terreau des enfants d&rsquo;Adam se construit ici et maintenant car consolider les acquis du pr\u00e9sent, c&rsquo;est construire en m\u00eame temps l&rsquo;avenir pour une soci\u00e9t\u00e9 qui \u00e9volue dans un environnement de paix et de convivialit\u00e9. \u00bb<\/p>\n<p>Il s&rsquo;agit de vaincre, d&rsquo;apr\u00e8s lui, tous les fanatismes, d&rsquo;an\u00e9antir tous les obstacles que sont l&rsquo;ignorance, l&rsquo;obscurantisme qui, au 21e si\u00e8cle, n&rsquo;a toujours pas disparu dans notre environnement g\u00e9ographique et socio-politique. Autant d&rsquo;obstacles \u00e0 la construction d&rsquo;un monde plus solidaire, plus juste et plus humain.<\/p>\n<p>Tout en offrant un espace de formation pour les jeunes, l&rsquo;acad\u00e9mie jouera, esp\u00e8re le parlementaire, un r\u00f4le d&rsquo;\u00e9veil, de pr\u00e9vention et d&rsquo;anticipation des d\u00e9fis qui se dresseront face \u00e0 nous. Elle proposera au continent africain y compris les populations de Madagascar et celles de la diaspora les moyens du savoir-vivre ensemble pour restaurer le dialogue pour un enrichissement mutuel, la fraternit\u00e9, la justice et la paix, a-t-il ajout\u00e9.<\/p>\n<p>De son c\u00f4t\u00e9, le pr\u00e9sident du Conseil Pontifical pour la Culture, S.Em. Gianfranco Cardinal Ravasi, a soulign\u00e9 que l&rsquo;Afrique peut et doit \u00eatre \u00e0 l&rsquo;avant-garde du dialogue. Car, dit-il, \u00ab c&rsquo;est en Afrique que se jouent en grande partie les destin\u00e9es d&rsquo;une soci\u00e9t\u00e9 marqu\u00e9e par la r\u00e9flexion, le respect et l&rsquo;\u00e9change et non par l&rsquo;ignorance, la violence et l&rsquo;intimidation.\u00a0\u00bb<\/p>\n<p>\u00ab L&rsquo;Afrique ne peut se limiter \u00e0 imiter d&rsquo;autres mod\u00e8les de dialogues. Mais elle doit s&rsquo;en inspirer pour ouvrir le chemin afin que d&rsquo;autres continents puissent un jour l&rsquo;imiter \u00e0 leur tour \u00bb, a soutenu le religieux.<\/p>\n<p>Cette acad\u00e9mie qui se destine en m\u00eame temps \u00e0 l&rsquo;information et aux \u00e9changes multiconfessionnels pour tous ceux et celles qui sont \u00e9pris de savoirs, hommes et femmes de bonne volont\u00e9, devrait donc jouer ce r\u00f4le d&rsquo;espace d&rsquo;o\u00f9 jailliront des solutions aux divers probl\u00e8mes qui minent l&rsquo;Afrique en particulier et le monde en g\u00e9n\u00e9ral pour une paix durable entre les humains.<\/p>\n<p>Cet article <a rel=\"nofollow\" href=\"https:\/\/www.journalducameroun.com\/senegal-lancement-dune-academie-des-sciences-religieuses\/\">S\u00e9n\u00e9gal : lancement d\u2019une acad\u00e9mie des sciences religieuses<\/a> est apparu en premier sur <a rel=\"nofollow\" href=\"https:\/\/www.journalducameroun.com\/\">Journal du Cameroun<\/a>.<\/p>\n<\/div>\n<p>Auteur: APA News<br \/>\n<a href=\"https:\/\/www.journalducameroun.com\/senegal-lancement-dune-academie-des-sciences-religieuses\/\">Cliquez ici pour lire l&rsquo;article depuis sa source.<\/a><\/p>\n","protected":false},"excerpt":{"rendered":"<p>L&rsquo;Acad\u00e9mie Africaine des Sciences Religieuses, Sociales et Politiques(AASRSP) dont l&rsquo;ambition est de perp\u00e9tuer l&rsquo;h\u00e9ritage de l&rsquo;intellectuel s\u00e9n\u00e9galais Alioune Diop (1910-1980), promoteur de la revue Pr\u00e9sence africaine, a \u00e9t\u00e9 officiellement lanc\u00e9e ce samedi \u00e0 Dakar, a constat\u00e9 APA.L&rsquo;Afrique dispose d\u00e9sormais de son acad\u00e9mie des sciences religieuses, sociales et politiques. Sa cr\u00e9ation avait \u00e9t\u00e9 recommand\u00e9e lors du [&hellip;]<\/p>\n","protected":false},"author":1965,"featured_media":0,"comment_status":"closed","ping_status":"closed","sticky":false,"template":"","format":"standard","meta":{"fifu_image_url":"https:\/\/www.journalducameroun.com\/wp-content\/uploads\/2021\/11\/16368634824561.jpg","fifu_image_alt":"S\u00e9n\u00e9gal : lancement d\u2019une acad\u00e9mie des sciences religieuses","footnotes":""},"categories":[73,82],"tags":[],"class_list":["post-132946","post","type-post","status-publish","format-standard","hentry","category-actualite","category-cameroun"],"_links":{"self":[{"href":"https:\/\/linitiative.ca\/International\/wp-json\/wp\/v2\/posts\/132946","targetHints":{"allow":["GET"]}}],"collection":[{"href":"https:\/\/linitiative.ca\/International\/wp-json\/wp\/v2\/posts"}],"about":[{"href":"https:\/\/linitiative.ca\/International\/wp-json\/wp\/v2\/types\/post"}],"author":[{"embeddable":true,"href":"https:\/\/linitiative.ca\/International\/wp-json\/wp\/v2\/users\/1965"}],"replies":[{"embeddable":true,"href":"https:\/\/linitiative.ca\/International\/wp-json\/wp\/v2\/comments?post=132946"}],"version-history":[{"count":0,"href":"https:\/\/linitiative.ca\/International\/wp-json\/wp\/v2\/posts\/132946\/revisions"}],"wp:attachment":[{"href":"https:\/\/linitiative.ca\/International\/wp-json\/wp\/v2\/media?parent=132946"}],"wp:term":[{"taxonomy":"category","embeddable":true,"href":"https:\/\/linitiative.ca\/International\/wp-json\/wp\/v2\/categories?post=132946"},{"taxonomy":"post_tag","embeddable":true,"href":"https:\/\/linitiative.ca\/International\/wp-json\/wp\/v2\/tags?post=132946"}],"curies":[{"name":"wp","href":"https:\/\/api.w.org\/{rel}","templated":true}]}}