{"id":132976,"date":"2021-11-15T12:39:53","date_gmt":"2021-11-15T17:39:53","guid":{"rendered":"https:\/\/linitiative.ca\/International\/semaine-dintegration-des-nouveaux-etudiants-de-la-faculte-de-droit\/"},"modified":"2021-11-15T12:39:53","modified_gmt":"2021-11-15T17:39:53","slug":"semaine-dintegration-des-nouveaux-etudiants-de-la-faculte-de-droit","status":"publish","type":"post","link":"https:\/\/linitiative.ca\/International\/semaine-dintegration-des-nouveaux-etudiants-de-la-faculte-de-droit\/","title":{"rendered":"Semaine d\u2019int\u00e9gration des nouveaux \u00e9tudiants de la Facult\u00e9 de Droit"},"content":{"rendered":"<div>\n<div style=\"margin-bottom:20px;\"><img loading=\"lazy\" decoding=\"async\" width=\"750\" height=\"430\" src=\"https:\/\/linitiative.ca\/International\/wp-content\/uploads\/sites\/23\/2021\/11\/intC3A9gration-copier.jpg\" class=\"attachment-post-thumbnail size-post-thumbnail wp-post-image\" alt=\"\" srcset=\"https:\/\/linitiative.ca\/International\/wp-content\/uploads\/sites\/23\/2021\/11\/intC3A9gration-copier.jpg 750w, http:\/\/www.mapmarrakech.ma\/map\/uploads\/2021\/11\/int\u00e9gration-copier-300x172.jpg 300w\" sizes=\"auto, (max-width: 750px) 100vw, 750px\"><\/div>\n<p>Organis\u00e9 en partenariat notamment, avec la D\u00e9l\u00e9gation Provinciale de la Sant\u00e9 et de la Protection sociale, l\u2019Agence Nationale de Promotion de l\u2019Emploi et des Comp\u00e9tences (ANAPEC), l\u2019Ecole Sup\u00e9rieure des Arts Visuels (ESAV) de Marrakech, \u00ab\u00a0Career Center\u00a0\u00bb, l\u2019Association Dalil pour l\u2019Information et l\u2019Orientation Universitaire et Professionnelle (ADIOUP), ce rendez-vous socio-\u00e9ducatif se propose d\u2019accueillir les nouveaux \u00e9tudiants par l\u2019ensemble des composantes de l\u2019universit\u00e9 (enseignants, administration et anciens \u00e9tudiants) et surtout, de tisser des liens entre les nouveaux \u00e9tudiants et les plus anciens, en vue de faciliter et r\u00e9ussir leur insertion au sein de cet \u00e9tablissement d\u2019enseignement sup\u00e9rieur.<\/p>\n<p>Cette manifestation culturelle et p\u00e9dagogique vise aussi \u00e0 faire d\u00e9couvrir aux nouveaux \u00e9tudiants, les installations et diff\u00e9rentes d\u00e9pendances de cet \u00e9tablissement d\u2019enseignement sup\u00e9rieur, et de leur fournir toutes les informations n\u00e9cessaires concernant le syst\u00e8me d\u2019enseignement et l\u2019architecture p\u00e9dagogique adopt\u00e9e dans les diff\u00e9rentes fili\u00e8res.<\/p>\n<p>Intervenant \u00e0 la c\u00e9r\u00e9monie d\u2019ouverture de cette semaine d\u2019int\u00e9gration, le vice-pr\u00e9sident de l\u2019UCA, M. Belaid Bougadir, a relev\u00e9 que la facult\u00e9 des sciences juridiques, \u00e9conomiques et sociales (FSJES-UCA) s\u2019est toujours distingu\u00e9e, tout au long de son histoire, par la qualit\u00e9 des formations dispens\u00e9es \u00e0 plusieurs g\u00e9n\u00e9rations d\u2019\u00e9tudiants.<\/p>\n<p>Il a, de m\u00eame, mis l\u2019accent sur la strat\u00e9gie adopt\u00e9e par cet \u00e9tablissement d\u2019enseignement sup\u00e9rieur pour l\u2019int\u00e9gration des \u00e9tudiants marocains et \u00e9trangers \u00e0 travers notamment, la cr\u00e9ation d\u2019un \u00ab\u00a0Career Center\u00a0\u00bb, qui est un espace destin\u00e9 \u00e0 accueillir les jeunes et les employeurs et qui a pour vocation de favoriser l\u2019employabilit\u00e9 des jeunes, ainsi que du Centre de l\u2019Enseignement Inclusif et de Responsabilit\u00e9 Sociale (CEIRS-UCA) ayant pour vocation d\u2019assurer les conditions favorables pour l\u2019accueil et l\u2019accompagnement des \u00e9tudiants en situation de handicap, de pr\u00e9carit\u00e9 socio-\u00e9conomique et des \u00e9tudiants \u00e9trangers.<\/p>\n<p>L\u2019UCA a, en outre, proc\u00e9d\u00e9 \u00e0 la cr\u00e9ation de Centres de langues, ainsi que des plateformes destin\u00e9es \u00e0 renforcer les capacit\u00e9s linguistiques des \u00e9tudiants, a-t-il indiqu\u00e9, mettant en relief les efforts inlassables du staff p\u00e9dagogique et administratif et leur engagement, dans le but de pr\u00e9server le leadership universitaire de cette facult\u00e9.<\/p>\n<p>De son c\u00f4t\u00e9, le doyen de la FSJES, M. Abdelkrim Outaleb, a fait savoir que cette semaine permettra aux \u00e9tudiants de prendre connaissance du syst\u00e8me du Bachelor, qui vise une meilleure int\u00e9gration socioprofessionnelle des \u00e9tudiants, gr\u00e2ce au renforcement de l\u2019apprentissage des langues \u00e9trang\u00e8res et des Soft Skills, faisant savoir que cette \u00e9dition consacre une grande partie de son programme \u00e0 faire conna\u00eetre aux \u00e9tudiants le patrimoine culinaire, folklorique, vestimentaire et artistique du Maroc et de l\u2019Afrique subsaharienne.<\/p>\n<p>M.Outaleb, a fait savoir que la FSJES de Marrakech proc\u00e9dera, cette ann\u00e9e, au lancement du service en ligne de \u00ab\u00a0la signature \u00e9lectronique\u00a0\u00bb, qui permettra aux \u00e9tudiants d\u2019obtenir des documents sans \u00eatre oblig\u00e9s de se d\u00e9placer \u00e0 la facult\u00e9.<\/p>\n<p>La Semaine d\u2019int\u00e9gration des nouveaux \u00e9tudiants englobe diverses activit\u00e9s p\u00e9dagogiques, administratives, culturelles, artistiques, sportives et sociales et fait impliquer conjointement les acteurs internes et les partenaires p\u00e9dagogiques et socio-\u00e9conomiques de la Facult\u00e9.<\/p>\n<p>Ce programme riche et diversifi\u00e9 comprend notamment des tournois sportifs, concours de peinture, de photographie, outre le lancement d\u2019une campagne de don de sang et des consultations m\u00e9dicales, pr\u00e9sentation des formations et syst\u00e8mes p\u00e9dagogiques (LMD et Bachelor), ateliers Soft-skills, des conf\u00e9rences de sensibilisation \u00e0 l\u2019entrepreneuriat, et une c\u00e9r\u00e9monie pour honorer les \u00e9tudiants qui ont excell\u00e9 en Master et en Licence.<\/p>\n<p>Cr\u00e9\u00e9e en 1979, la Facult\u00e9 des Sciences Juridiques Economiques et Sociales de Marrakech est l\u2019un des \u00e9tablissements phares de l\u2019UCA.<\/p>\n<p>Le nombre d\u2019\u00e9tudiants de cette FSJES au titre de l\u2019ann\u00e9e universitaire 2021-2022, s\u2019\u00e9l\u00e8ve \u00e0 plus de 35.000, dont 49% d\u2019\u00e9tudiantes et plus de 200 \u00e9tudiants \u00e9trangers.<\/p>\n<p>The post <a rel=\"nofollow\" href=\"http:\/\/www.mapmarrakech.ma\/fr\/semaine-dintegration-des-nouveaux-etudiants-de-la-faculte-de-droit\/\">Semaine d\u2019int\u00e9gration des nouveaux \u00e9tudiants de la Facult\u00e9 de Droit<\/a> appeared first on <a rel=\"nofollow\" href=\"http:\/\/www.mapmarrakech.ma\/fr\">MapMarrakech<\/a>.<\/p>\n<\/div>\n<p>Auteur: Meriem IGASS<br \/>\n<a href=\"http:\/\/www.mapmarrakech.ma\/fr\/semaine-dintegration-des-nouveaux-etudiants-de-la-faculte-de-droit\/\">Cliquez ici pour lire l&rsquo;article depuis sa source.<\/a><\/p>\n","protected":false},"excerpt":{"rendered":"<p>Organis\u00e9 en partenariat notamment, avec la D\u00e9l\u00e9gation Provinciale de la Sant\u00e9 et de la Protection sociale, l\u2019Agence Nationale de Promotion de l\u2019Emploi et des Comp\u00e9tences (ANAPEC), l\u2019Ecole Sup\u00e9rieure des Arts Visuels (ESAV) de Marrakech, \u00ab\u00a0Career Center\u00a0\u00bb, l\u2019Association Dalil pour l\u2019Information et l\u2019Orientation Universitaire et Professionnelle (ADIOUP), ce rendez-vous socio-\u00e9ducatif se propose d\u2019accueillir les nouveaux \u00e9tudiants [&hellip;]<\/p>\n","protected":false},"author":1788,"featured_media":0,"comment_status":"closed","ping_status":"closed","sticky":false,"template":"","format":"standard","meta":{"fifu_image_url":"http:\/\/www.mapmarrakech.ma\/map\/uploads\/2021\/11\/int\u00e9gration-copier.jpg","fifu_image_alt":"Semaine d\u2019int\u00e9gration des nouveaux \u00e9tudiants de la Facult\u00e9 de Droit","footnotes":""},"categories":[54,76],"tags":[],"class_list":["post-132976","post","type-post","status-publish","format-standard","hentry","category-maroc","category-regions"],"_links":{"self":[{"href":"https:\/\/linitiative.ca\/International\/wp-json\/wp\/v2\/posts\/132976","targetHints":{"allow":["GET"]}}],"collection":[{"href":"https:\/\/linitiative.ca\/International\/wp-json\/wp\/v2\/posts"}],"about":[{"href":"https:\/\/linitiative.ca\/International\/wp-json\/wp\/v2\/types\/post"}],"author":[{"embeddable":true,"href":"https:\/\/linitiative.ca\/International\/wp-json\/wp\/v2\/users\/1788"}],"replies":[{"embeddable":true,"href":"https:\/\/linitiative.ca\/International\/wp-json\/wp\/v2\/comments?post=132976"}],"version-history":[{"count":0,"href":"https:\/\/linitiative.ca\/International\/wp-json\/wp\/v2\/posts\/132976\/revisions"}],"wp:attachment":[{"href":"https:\/\/linitiative.ca\/International\/wp-json\/wp\/v2\/media?parent=132976"}],"wp:term":[{"taxonomy":"category","embeddable":true,"href":"https:\/\/linitiative.ca\/International\/wp-json\/wp\/v2\/categories?post=132976"},{"taxonomy":"post_tag","embeddable":true,"href":"https:\/\/linitiative.ca\/International\/wp-json\/wp\/v2\/tags?post=132976"}],"curies":[{"name":"wp","href":"https:\/\/api.w.org\/{rel}","templated":true}]}}