{"id":132978,"date":"2021-11-15T12:52:45","date_gmt":"2021-11-15T17:52:45","guid":{"rendered":"https:\/\/linitiative.ca\/International\/indh-un-accompagnement-des-personnes-en-situation-de-precarite\/"},"modified":"2021-11-15T12:52:45","modified_gmt":"2021-11-15T17:52:45","slug":"indh-un-accompagnement-des-personnes-en-situation-de-precarite","status":"publish","type":"post","link":"https:\/\/linitiative.ca\/International\/indh-un-accompagnement-des-personnes-en-situation-de-precarite\/","title":{"rendered":"INDH: Un accompagnement des personnes en situation de pr\u00e9carit\u00e9"},"content":{"rendered":"<div>\n<div style=\"margin-bottom:20px;\"><img loading=\"lazy\" decoding=\"async\" width=\"750\" height=\"430\" src=\"https:\/\/linitiative.ca\/International\/wp-content\/uploads\/sites\/23\/2021\/11\/indh-safi-personnes-prC3A9caires-copier.jpg\" class=\"attachment-post-thumbnail size-post-thumbnail wp-post-image\" alt=\"\" srcset=\"https:\/\/linitiative.ca\/International\/wp-content\/uploads\/sites\/23\/2021\/11\/indh-safi-personnes-prC3A9caires-copier.jpg 750w, http:\/\/www.mapmarrakech.ma\/map\/uploads\/2021\/11\/indh-safi-personnes-pr\u00e9caires-copier-300x172.jpg 300w\" sizes=\"auto, (max-width: 750px) 100vw, 750px\"><\/div>\n<p>Ainsi, dans cette province, les projets men\u00e9s par l\u2019INDH depuis son lancement officiel par Sa Majest\u00e9 le Roi Mohammed VI en 2005, se veulent \u00ab\u00a0novateurs\u00a0\u00bb et \u00ab\u00a0int\u00e9gr\u00e9s\u00a0\u00bb ciblant les personnes issues de milieux d\u00e9favoris\u00e9s et celles marginalis\u00e9es comme en t\u00e9moigne, \u00e0 titre d\u2019illustration, le projet d\u2019extension, de mise \u00e0 niveau et d\u2019\u00e9quipement de l\u2019\u00e9tablissement d\u2019aide sociale \u00ab\u00a0Dar Al Bir Wa Al Ihssan\u00a0\u00bb \u00e0 Safi.<\/p>\n<p>Inscrite dans le cadre du programme de l\u2019INDH intitul\u00e9 : \u00ab\u00a0Accompagnement des personnes en situation de pr\u00e9carit\u00e9\u00a0\u00bb, ce projet programm\u00e9 au titre de la p\u00e9riode 2019-2021, cible les personnes se livrant \u00e0 la mendicit\u00e9, les personnes \u00e2g\u00e9es et celles souffrant d\u2019ali\u00e9nation mentale, ou encore les personnes en situation de la rue.<\/p>\n<p>D\u2019un montant total de 4.120.000 DH enti\u00e8rement assur\u00e9s par l\u2019INDH, cette infrastructure \u00e0 vocation sociale et humaine r\u00e9alis\u00e9e \u00e0 Hay Sidi Bouzid dans la Cit\u00e9 de l\u2019oc\u00e9an, est con\u00e7ue de mani\u00e8re \u00e0 att\u00e9nuer les souffrances des cat\u00e9gories cibl\u00e9es, \u00e0 am\u00e9liorer leur situation et \u00e0 leur garantir les conditions d\u2019une vie d\u00e9cente.<\/p>\n<p>D\u2019une capacit\u00e9 d\u2019accueil total de 66 pensionnaires, \u00ab\u00a0Dar Al Bir Wa Al Ihssan\u00a0\u00bb a b\u00e9n\u00e9fici\u00e9 au titre de l\u2019ann\u00e9e 2021, \u00e0 quelque 231 b\u00e9n\u00e9ficiaires, dont 147 hommes.<\/p>\n<p>M. Youssef Nakrachi, pr\u00e9sident de l\u2019Association gestionnaire de \u00ab\u00a0Dar Al Bir Wa Al Ihssan\u00a0\u00bb, a d\u00e9clar\u00e9 \u00e0 M24, la chaine t\u00e9l\u00e9vis\u00e9e de l\u2019information en continu de la MAP, que la cr\u00e9ation de cette infrastructure sociale s\u2019ins\u00e8re dans le cadre des efforts d\u00e9ploy\u00e9s au niveau provincial en vue de venir en aide \u00e0 cette cat\u00e9gorie sociale.<\/p>\n<p>\u00ab\u00a0Nous organisons, en collaboration avec les autorit\u00e9s provinciales, une s\u00e9rie de campagnes hebdomadaires et quotidiennes pour rassembler les personnes vuln\u00e9rables et celles en situation de rue, afin de les accueillir et les prendre en charge dans ce Centre, en mettant \u00e0 leur disposition une s\u00e9rie de prestations de soins, la restauration ou encore la coiffure\u00a0\u00bb, a-t-il expliqu\u00e9.<\/p>\n<p>Dans la foul\u00e9e, il a \u00e9mis le voeu de voir cette infrastructure sociale am\u00e9liorer davantage ses prestations de service et figurer au rang des premiers \u00e9tablissements d\u2019aide sociale \u00e0 l\u2019\u00e9chelle r\u00e9gionale, faisant part de sa gratitude aux autorit\u00e9s provinciales et aux bienfaiteurs pour leur engagement sans faille \u00e0 la faveur de la r\u00e9ussite de ce projet.<\/p>\n<p>Toujours dans le cadre de l\u2019accompagnement des personnes en situation de pr\u00e9carit\u00e9, la province de Safi et plus pr\u00e9cis\u00e9ment, la commune rurale de Sidi Ettiji vit au rythme de la r\u00e9alisation d\u2019un autre projet d\u2019une importance cruciale \u00e0 savoir : la construction et l\u2019\u00e9quipement d\u2019un Centre de lutte contre le handicap et ce, dans le cadre de l\u2019INDH.<\/p>\n<p>Programm\u00e9 au titre de la p\u00e9riode 2019- 2021, ce projet cible les personnes souffrant de handicap et sans ressources et se fixe pour missions : l\u2019assistance et l\u2019am\u00e9lioration des conditions de prise en charge des personnes \u00e0 besoins sp\u00e9cifiques.<\/p>\n<p>D\u2019un montant total de 1.522.200 DH enti\u00e8rement financ\u00e9s par l\u2019INDH (construction, \u00e9tudes architecturales et techniques et l\u2019\u00e9quipement), ce projet est le fruit d\u2019un partenariat avec la d\u00e9l\u00e9gation provinciale de l\u2019Entraide Nationale (Suivi et encadrement) et de la commune rurale de Sidi Ettiji.<\/p>\n<p>The post <a rel=\"nofollow\" href=\"http:\/\/www.mapmarrakech.ma\/fr\/indh-un-accompagnement-des-personnes-en-situation-de-precarite\/\">INDH: Un accompagnement des personnes en situation de pr\u00e9carit\u00e9<\/a> appeared first on <a rel=\"nofollow\" href=\"http:\/\/www.mapmarrakech.ma\/fr\">MapMarrakech<\/a>.<\/p>\n<\/div>\n<p>Auteur: Meriem IGASS<br \/>\n<a href=\"http:\/\/www.mapmarrakech.ma\/fr\/indh-un-accompagnement-des-personnes-en-situation-de-precarite\/\">Cliquez ici pour lire l&rsquo;article depuis sa source.<\/a><\/p>\n","protected":false},"excerpt":{"rendered":"<p>Ainsi, dans cette province, les projets men\u00e9s par l\u2019INDH depuis son lancement officiel par Sa Majest\u00e9 le Roi Mohammed VI en 2005, se veulent \u00ab\u00a0novateurs\u00a0\u00bb et \u00ab\u00a0int\u00e9gr\u00e9s\u00a0\u00bb ciblant les personnes issues de milieux d\u00e9favoris\u00e9s et celles marginalis\u00e9es comme en t\u00e9moigne, \u00e0 titre d\u2019illustration, le projet d\u2019extension, de mise \u00e0 niveau et d\u2019\u00e9quipement de l\u2019\u00e9tablissement d\u2019aide [&hellip;]<\/p>\n","protected":false},"author":1788,"featured_media":0,"comment_status":"closed","ping_status":"closed","sticky":false,"template":"","format":"standard","meta":{"fifu_image_url":"http:\/\/www.mapmarrakech.ma\/map\/uploads\/2021\/11\/indh-safi-personnes-pr\u00e9caires-copier.jpg","fifu_image_alt":"INDH: Un accompagnement des personnes en situation de pr\u00e9carit\u00e9","footnotes":""},"categories":[54,76],"tags":[],"class_list":["post-132978","post","type-post","status-publish","format-standard","hentry","category-maroc","category-regions"],"_links":{"self":[{"href":"https:\/\/linitiative.ca\/International\/wp-json\/wp\/v2\/posts\/132978","targetHints":{"allow":["GET"]}}],"collection":[{"href":"https:\/\/linitiative.ca\/International\/wp-json\/wp\/v2\/posts"}],"about":[{"href":"https:\/\/linitiative.ca\/International\/wp-json\/wp\/v2\/types\/post"}],"author":[{"embeddable":true,"href":"https:\/\/linitiative.ca\/International\/wp-json\/wp\/v2\/users\/1788"}],"replies":[{"embeddable":true,"href":"https:\/\/linitiative.ca\/International\/wp-json\/wp\/v2\/comments?post=132978"}],"version-history":[{"count":0,"href":"https:\/\/linitiative.ca\/International\/wp-json\/wp\/v2\/posts\/132978\/revisions"}],"wp:attachment":[{"href":"https:\/\/linitiative.ca\/International\/wp-json\/wp\/v2\/media?parent=132978"}],"wp:term":[{"taxonomy":"category","embeddable":true,"href":"https:\/\/linitiative.ca\/International\/wp-json\/wp\/v2\/categories?post=132978"},{"taxonomy":"post_tag","embeddable":true,"href":"https:\/\/linitiative.ca\/International\/wp-json\/wp\/v2\/tags?post=132978"}],"curies":[{"name":"wp","href":"https:\/\/api.w.org\/{rel}","templated":true}]}}