{"id":132983,"date":"2021-11-15T08:41:42","date_gmt":"2021-11-15T13:41:42","guid":{"rendered":"https:\/\/linitiative.ca\/International\/lassechement-inquietant-du-fleuve-de-la-moulouya\/"},"modified":"2021-11-15T08:41:42","modified_gmt":"2021-11-15T13:41:42","slug":"lassechement-inquietant-du-fleuve-de-la-moulouya","status":"publish","type":"post","link":"https:\/\/linitiative.ca\/International\/lassechement-inquietant-du-fleuve-de-la-moulouya\/","title":{"rendered":"L&rsquo;ass\u00e8chement inqui\u00e9tant du fleuve de la Moulouya"},"content":{"rendered":"<div>\n<div class=\"field field-name-body field-type-text-with-summary field-label-hidden\">\n<div class=\"field-items\">\n<div class=\"field-item even\" property=\"content:encoded\">\n<p class=\"rtejustify\">Le fleuve de la Moulouya n&rsquo;atteint plus la mer \u00e0 cause de l&rsquo;ass\u00e8chement continu. Cette situation constitue une menace pour la biodiversit\u00e9 dans la r\u00e9gion et les exploitations agricoles de la zone.\u00a0<\/p>\n<\/div>\n<\/div>\n<\/div>\n<\/div>\n<p>Auteur: hgueye<br \/>\n<a href=\"https:\/\/www.leconomiste.com\/flash-infos\/l-assechement-inquietant-du-fleuve-de-la-moulouya\">Cliquez ici pour lire l&rsquo;article depuis sa source.<\/a><\/p>\n","protected":false},"excerpt":{"rendered":"<p>Le fleuve de la Moulouya n&rsquo;atteint plus la mer \u00e0 cause de l&rsquo;ass\u00e8chement continu. Cette situation constitue une menace pour la biodiversit\u00e9 dans la r\u00e9gion et les exploitations agricoles de la zone.\u00a0 Auteur: hgueye Cliquez ici pour lire l&rsquo;article depuis sa source.<\/p>\n","protected":false},"author":1763,"featured_media":0,"comment_status":"closed","ping_status":"closed","sticky":false,"template":"","format":"standard","meta":{"fifu_image_url":"","fifu_image_alt":"","footnotes":""},"categories":[78,54],"tags":[],"class_list":["post-132983","post","type-post","status-publish","format-standard","hentry","category-economie","category-maroc"],"_links":{"self":[{"href":"https:\/\/linitiative.ca\/International\/wp-json\/wp\/v2\/posts\/132983","targetHints":{"allow":["GET"]}}],"collection":[{"href":"https:\/\/linitiative.ca\/International\/wp-json\/wp\/v2\/posts"}],"about":[{"href":"https:\/\/linitiative.ca\/International\/wp-json\/wp\/v2\/types\/post"}],"author":[{"embeddable":true,"href":"https:\/\/linitiative.ca\/International\/wp-json\/wp\/v2\/users\/1763"}],"replies":[{"embeddable":true,"href":"https:\/\/linitiative.ca\/International\/wp-json\/wp\/v2\/comments?post=132983"}],"version-history":[{"count":0,"href":"https:\/\/linitiative.ca\/International\/wp-json\/wp\/v2\/posts\/132983\/revisions"}],"wp:attachment":[{"href":"https:\/\/linitiative.ca\/International\/wp-json\/wp\/v2\/media?parent=132983"}],"wp:term":[{"taxonomy":"category","embeddable":true,"href":"https:\/\/linitiative.ca\/International\/wp-json\/wp\/v2\/categories?post=132983"},{"taxonomy":"post_tag","embeddable":true,"href":"https:\/\/linitiative.ca\/International\/wp-json\/wp\/v2\/tags?post=132983"}],"curies":[{"name":"wp","href":"https:\/\/api.w.org\/{rel}","templated":true}]}}