{"id":132985,"date":"2021-11-15T10:07:00","date_gmt":"2021-11-15T15:07:00","guid":{"rendered":"https:\/\/linitiative.ca\/International\/covid-45-nouveaux-cas-plus-de-50-000-nouvelles-doses-administrees\/"},"modified":"2021-11-15T10:07:00","modified_gmt":"2021-11-15T15:07:00","slug":"covid-45-nouveaux-cas-plus-de-50-000-nouvelles-doses-administrees","status":"publish","type":"post","link":"https:\/\/linitiative.ca\/International\/covid-45-nouveaux-cas-plus-de-50-000-nouvelles-doses-administrees\/","title":{"rendered":"Covid: 45 nouveaux cas, plus de 50.000 nouvelles doses administr\u00e9es"},"content":{"rendered":"<div>\n<div class=\"field field-name-body field-type-text-with-summary field-label-hidden\">\n<div class=\"field-items\">\n<div class=\"field-item even\" property=\"content:encoded\">\n<p class=\"rtejustify\">Au total <strong>45<\/strong> nouveaux cas d&rsquo;infection au nouveau coronavirus (Covid-19) et <strong>224<\/strong>\u00a0gu\u00e9risons ont \u00e9t\u00e9 enregistr\u00e9s au cours des derni\u00e8res 24 heures, a indiqu\u00e9, lundi, le minist\u00e8re de la Sant\u00e9 et de la protection sociale. Les b\u00e9n\u00e9ficiaires de la campagne nationale de vaccination s&rsquo;\u00e9l\u00e8vent \u00e0 <strong>24.367.790<\/strong>\u00a0de primo-vaccin\u00e9s,<strong> 22.428.512\u00a0<\/strong>de personnes ayant re\u00e7u deux doses et <strong>1.579.478 <\/strong>avec trois doses, a affirm\u00e9 le minist\u00e8re dans son bulletin quotidien sur la situation \u00e9pid\u00e9miologique de Covid-19.<\/p>\n<\/div>\n<\/div>\n<\/div>\n<\/div>\n<p>Auteur: hgueye<br \/>\n<a href=\"https:\/\/www.leconomiste.com\/flash-infos\/covid-nouveaux-cas-1\">Cliquez ici pour lire l&rsquo;article depuis sa source.<\/a><\/p>\n","protected":false},"excerpt":{"rendered":"<p>Au total 45 nouveaux cas d&rsquo;infection au nouveau coronavirus (Covid-19) et 224\u00a0gu\u00e9risons ont \u00e9t\u00e9 enregistr\u00e9s au cours des derni\u00e8res 24 heures, a indiqu\u00e9, lundi, le minist\u00e8re de la Sant\u00e9 et de la protection sociale. Les b\u00e9n\u00e9ficiaires de la campagne nationale de vaccination s&rsquo;\u00e9l\u00e8vent \u00e0 24.367.790\u00a0de primo-vaccin\u00e9s, 22.428.512\u00a0de personnes ayant re\u00e7u deux doses et 1.579.478 avec [&hellip;]<\/p>\n","protected":false},"author":1763,"featured_media":0,"comment_status":"closed","ping_status":"closed","sticky":false,"template":"","format":"standard","meta":{"fifu_image_url":"","fifu_image_alt":"","footnotes":""},"categories":[78,54],"tags":[],"class_list":["post-132985","post","type-post","status-publish","format-standard","hentry","category-economie","category-maroc"],"_links":{"self":[{"href":"https:\/\/linitiative.ca\/International\/wp-json\/wp\/v2\/posts\/132985","targetHints":{"allow":["GET"]}}],"collection":[{"href":"https:\/\/linitiative.ca\/International\/wp-json\/wp\/v2\/posts"}],"about":[{"href":"https:\/\/linitiative.ca\/International\/wp-json\/wp\/v2\/types\/post"}],"author":[{"embeddable":true,"href":"https:\/\/linitiative.ca\/International\/wp-json\/wp\/v2\/users\/1763"}],"replies":[{"embeddable":true,"href":"https:\/\/linitiative.ca\/International\/wp-json\/wp\/v2\/comments?post=132985"}],"version-history":[{"count":0,"href":"https:\/\/linitiative.ca\/International\/wp-json\/wp\/v2\/posts\/132985\/revisions"}],"wp:attachment":[{"href":"https:\/\/linitiative.ca\/International\/wp-json\/wp\/v2\/media?parent=132985"}],"wp:term":[{"taxonomy":"category","embeddable":true,"href":"https:\/\/linitiative.ca\/International\/wp-json\/wp\/v2\/categories?post=132985"},{"taxonomy":"post_tag","embeddable":true,"href":"https:\/\/linitiative.ca\/International\/wp-json\/wp\/v2\/tags?post=132985"}],"curies":[{"name":"wp","href":"https:\/\/api.w.org\/{rel}","templated":true}]}}