{"id":132989,"date":"2021-11-15T06:35:00","date_gmt":"2021-11-15T11:35:00","guid":{"rendered":"https:\/\/linitiative.ca\/International\/belmadi-au-sujet-de-son-avenir-le-metier-est-usant-mais\/"},"modified":"2021-11-15T06:35:00","modified_gmt":"2021-11-15T11:35:00","slug":"belmadi-au-sujet-de-son-avenir-le-metier-est-usant-mais","status":"publish","type":"post","link":"https:\/\/linitiative.ca\/International\/belmadi-au-sujet-de-son-avenir-le-metier-est-usant-mais\/","title":{"rendered":"Belmadi au sujet de son avenir : \u00ab\u00a0Le m\u00e9tier est usant, mais&#8230;\u00a0\u00bb"},"content":{"rendered":"<div>Belmadi n&rsquo;est pas \u00e9chapp\u00e9 aux questions sur son avenir \u00e0 la t\u00eate de la s\u00e9lection apr\u00e8s les d\u00e9clarations de Charaf-Eddine Amara sur le sujet<\/div>\n<p>Auteur:<br \/>\n<a href=\"https:\/\/www.lebuteur.com\/article\/detail?titre=belmadi-au-sujet-de-son-avenir-le-metier-est-usant-mais&#038;id=101565\">Cliquez ici pour lire l&rsquo;article depuis sa source.<\/a><\/p>\n","protected":false},"excerpt":{"rendered":"<p>Belmadi n&rsquo;est pas \u00e9chapp\u00e9 aux questions sur son avenir \u00e0 la t\u00eate de la s\u00e9lection apr\u00e8s les d\u00e9clarations de Charaf-Eddine Amara sur le sujet Auteur: Cliquez ici pour lire l&rsquo;article depuis sa source.<\/p>\n","protected":false},"author":1738,"featured_media":0,"comment_status":"closed","ping_status":"closed","sticky":false,"template":"","format":"standard","meta":{"fifu_image_url":"","fifu_image_alt":"","footnotes":""},"categories":[53,75],"tags":[],"class_list":["post-132989","post","type-post","status-publish","format-standard","hentry","category-algerie","category-sport"],"_links":{"self":[{"href":"https:\/\/linitiative.ca\/International\/wp-json\/wp\/v2\/posts\/132989","targetHints":{"allow":["GET"]}}],"collection":[{"href":"https:\/\/linitiative.ca\/International\/wp-json\/wp\/v2\/posts"}],"about":[{"href":"https:\/\/linitiative.ca\/International\/wp-json\/wp\/v2\/types\/post"}],"author":[{"embeddable":true,"href":"https:\/\/linitiative.ca\/International\/wp-json\/wp\/v2\/users\/1738"}],"replies":[{"embeddable":true,"href":"https:\/\/linitiative.ca\/International\/wp-json\/wp\/v2\/comments?post=132989"}],"version-history":[{"count":0,"href":"https:\/\/linitiative.ca\/International\/wp-json\/wp\/v2\/posts\/132989\/revisions"}],"wp:attachment":[{"href":"https:\/\/linitiative.ca\/International\/wp-json\/wp\/v2\/media?parent=132989"}],"wp:term":[{"taxonomy":"category","embeddable":true,"href":"https:\/\/linitiative.ca\/International\/wp-json\/wp\/v2\/categories?post=132989"},{"taxonomy":"post_tag","embeddable":true,"href":"https:\/\/linitiative.ca\/International\/wp-json\/wp\/v2\/tags?post=132989"}],"curies":[{"name":"wp","href":"https:\/\/api.w.org\/{rel}","templated":true}]}}