{"id":132992,"date":"2021-11-15T03:25:00","date_gmt":"2021-11-15T08:25:00","guid":{"rendered":"https:\/\/linitiative.ca\/International\/quelles-competences-faut-il-pour-le-marketing-en-2020\/"},"modified":"2021-11-15T03:25:00","modified_gmt":"2021-11-15T08:25:00","slug":"quelles-competences-faut-il-pour-le-marketing-en-2020","status":"publish","type":"post","link":"https:\/\/linitiative.ca\/International\/quelles-competences-faut-il-pour-le-marketing-en-2020\/","title":{"rendered":"Quelles comp\u00e9tences faut-il pour le marketing en 2020 ?"},"content":{"rendered":"<div>\n<p>\u00a0<\/p>\n<p>Si vous envisagez une carri\u00e8re dans le marketing, vous vous demandez peut-\u00eatre si votre ensemble de comp\u00e9tences et vos points forts professionnels correspondent bien au domaine.<\/p>\n<p>Les comp\u00e9tences cl\u00e9s en marketing peuvent \u00eatre r\u00e9parties en 2 cat\u00e9gories : les comp\u00e9tences non-techniques et les comp\u00e9tences techniques. Les comp\u00e9tences non-techniques sont plus larges et plus largement applicables, et sont utiles (ou n\u00e9cessaires) dans de nombreux parcours professionnels diff\u00e9rents. Les comp\u00e9tences techniques sont davantage ax\u00e9es sur les aptitudes techniques et la connaissance d\u2019outils et de strat\u00e9gies sp\u00e9cifiques. \u00c9tant donn\u00e9 que le marketing est un domaine tr\u00e8s vaste, les comp\u00e9tences dures dont vous aurez besoin pour \u00eatre embauch\u00e9 varieront \u00e9norm\u00e9ment d\u2019un r\u00f4le \u00e0 l\u2019autre, mais pour les besoins de cet article, nous nous concentrons sur certaines des comp\u00e9tences les plus courantes que les employeurs recherchent lorsqu\u2019ils embauchent un g\u00e9n\u00e9raliste du marketing de premier \u00e9chelon (g\u00e9n\u00e9ralement un r\u00f4le de coordinateur ou d\u2019assistant).<\/p>\n<h2>Les comp\u00e9tences non-techniques<\/h2>\n<p>Les comp\u00e9tences non-techniques les plus recherch\u00e9es par les employeurs sont :<\/p>\n<p>\u00a0<\/p>\n<h3>Communication<\/h3>\n<p>Au c\u0153ur du marketing, il s\u2019agit de communiquer avec un public, il n\u2019est donc pas surprenant que la communication soit la principale comp\u00e9tence que doivent poss\u00e9der les personnes travaillant dans ce domaine ! \u00catre capable de vous exprimer et de transmettre des concepts aux autres de mani\u00e8re claire et engageante sera essentiel \u00e0 votre travail de marketeur.<\/p>\n<h3>\u00a0<\/h3>\n<h3>Cr\u00e9ativit\u00e9 et r\u00e9solution de probl\u00e8mes<\/h3>\n<p>La cr\u00e9ativit\u00e9 et le fait de sortir des sentiers battus pour trouver de nouvelles fa\u00e7ons de faire les choses sont l\u2019une des marques de fabrique d\u2019un professionnel du marketing qui r\u00e9ussit. M\u00eame si vous n\u2019\u00eates pas quelqu\u2019un qui se consid\u00e8re comme cr\u00e9atif, le marketing exige toujours la capacit\u00e9 d\u2019aborder les probl\u00e8mes sous de nouveaux angles et de trouver des solutions innovantes aux d\u00e9fis qui se pr\u00e9sentent.<\/p>\n<p>\u00a0<\/p>\n<h3>Capacit\u00e9s interpersonnelles<\/h3>\n<p>Travailler dans le marketing signifie souvent travailler en \u00e9troite collaboration avec une \u00e9quipe marketing plus large, des coll\u00e8gues d\u2019autres d\u00e9partements, des clients et\/ou des fournisseurs. \u00c9tant donn\u00e9 que vous interagirez fr\u00e9quemment avec toutes sortes de personnes diff\u00e9rentes, il est important que vous ayez de bonnes comp\u00e9tences interpersonnelles et que vous puissiez \u00e9tablir de solides relations de travail avec les autres.<\/p>\n<p>\u00a0<\/p>\n<h2>Les comp\u00e9tences techniques<\/h2>\n<p>\u00a0<\/p>\n<h3>\u00c9criture<\/h3>\n<p>L\u2019\u00e9criture est une comp\u00e9tence tr\u00e8s recherch\u00e9e, quel que soit le domaine dans lequel vous \u00e9voluez, mais elle est particuli\u00e8rement importante dans le marketing o\u00f9 la communication est une partie essentielle de votre travail quotidien.<\/p>\n<p>\u00a0<\/p>\n<h3>Analyse de donn\u00e9es\u00a0<\/h3>\n<p>Vous devez \u00eatre capable de calculer le succ\u00e8s et le retour sur investissement de vos efforts marketing. \u00catre \u00e0 l\u2019aise pour travailler avec des donn\u00e9es provenant d\u2019une vari\u00e9t\u00e9 de sources et de campagnes, comprendre ce qui est pertinent et ce qui ne l\u2019est pas, et utiliser votre analyse pour informer les actions futures sera une partie essentielle de votre r\u00f4le en tant que marketeur.<\/p>\n<p>\u00a0<\/p>\n<h3><strong>Gestion de projet<\/strong><\/h3>\n<p>Vous devrez avoir un ensemble solide de comp\u00e9tences en gestion de projet pour garder une trace de tout ce qui se passe et pour faire les choses de mani\u00e8re efficace. Cela signifie \u00eatre capable de respecter les d\u00e9lais, de hi\u00e9rarchiser votre travail, de suivre les contributions des autres, tout en fournissant un excellent produit final !<\/p>\n<p>\u00a0<\/p>\n<h3>SEO\/SEM<\/h3>\n<p>En tant que g\u00e9n\u00e9raliste du marketing, on ne s\u2019attendra pas \u00e0 ce que vous connaissiez les tenants et les aboutissants du r\u00e9f\u00e9rencement payant et de l\u2019optimisation des moteurs de recherche, mais conna\u00eetre et \u00eatre capable d\u2019ex\u00e9cuter les bases est important.<\/p>\n<p>\u00a0<\/p>\n<h3>Marketing visuel<\/h3>\n<p>Vous devez \u00eatre \u00e0 l\u2019aise avec les bases du marketing visuel : s\u00e9lectionner des images pour un site web, pour les m\u00e9dias sociaux un \u00e9v\u00e9nement par exemple. Il peut \u00e9galement \u00eatre vraiment utile de conna\u00eetre les bases de la suite cr\u00e9ative Adobe et des outils de conception gratuits tels que Adobe Spark ou Canva pour vous aider \u00e0 faire votre travail plus efficacement.<\/p>\n<p>The post <a rel=\"nofollow\" href=\"https:\/\/www.reflexiondz.net\/quelles-competences-faut-il-pour-le-marketing-en-2020\/\">Quelles comp\u00e9tences faut-il pour le marketing en 2020 ?<\/a> appeared first on <a rel=\"nofollow\" href=\"https:\/\/www.reflexiondz.net\/\">reflexiondz<\/a>.<\/p>\n<\/div>\n<p>Auteur:<br \/>\n<a href=\"https:\/\/www.reflexiondz.net\/quelles-competences-faut-il-pour-le-marketing-en-2020\/\">Cliquez ici pour lire l&rsquo;article depuis sa source.<\/a><\/p>\n","protected":false},"excerpt":{"rendered":"<p>\u00a0 Si vous envisagez une carri\u00e8re dans le marketing, vous vous demandez peut-\u00eatre si votre ensemble de comp\u00e9tences et vos points forts professionnels correspondent bien au domaine. Les comp\u00e9tences cl\u00e9s en marketing peuvent \u00eatre r\u00e9parties en 2 cat\u00e9gories : les comp\u00e9tences non-techniques et les comp\u00e9tences techniques. Les comp\u00e9tences non-techniques sont plus larges et plus largement [&hellip;]<\/p>\n","protected":false},"author":1740,"featured_media":0,"comment_status":"closed","ping_status":"closed","sticky":false,"template":"","format":"standard","meta":{"fifu_image_url":"","fifu_image_alt":"","footnotes":""},"categories":[53,76],"tags":[],"class_list":["post-132992","post","type-post","status-publish","format-standard","hentry","category-algerie","category-regions"],"_links":{"self":[{"href":"https:\/\/linitiative.ca\/International\/wp-json\/wp\/v2\/posts\/132992","targetHints":{"allow":["GET"]}}],"collection":[{"href":"https:\/\/linitiative.ca\/International\/wp-json\/wp\/v2\/posts"}],"about":[{"href":"https:\/\/linitiative.ca\/International\/wp-json\/wp\/v2\/types\/post"}],"author":[{"embeddable":true,"href":"https:\/\/linitiative.ca\/International\/wp-json\/wp\/v2\/users\/1740"}],"replies":[{"embeddable":true,"href":"https:\/\/linitiative.ca\/International\/wp-json\/wp\/v2\/comments?post=132992"}],"version-history":[{"count":0,"href":"https:\/\/linitiative.ca\/International\/wp-json\/wp\/v2\/posts\/132992\/revisions"}],"wp:attachment":[{"href":"https:\/\/linitiative.ca\/International\/wp-json\/wp\/v2\/media?parent=132992"}],"wp:term":[{"taxonomy":"category","embeddable":true,"href":"https:\/\/linitiative.ca\/International\/wp-json\/wp\/v2\/categories?post=132992"},{"taxonomy":"post_tag","embeddable":true,"href":"https:\/\/linitiative.ca\/International\/wp-json\/wp\/v2\/tags?post=132992"}],"curies":[{"name":"wp","href":"https:\/\/api.w.org\/{rel}","templated":true}]}}