{"id":133005,"date":"2021-11-15T04:00:00","date_gmt":"2021-11-15T09:00:00","guid":{"rendered":"https:\/\/linitiative.ca\/International\/quand-me-fathi-kemicha-avait-siege-au-nom-de-la-commission-de-droit-international\/"},"modified":"2021-11-15T04:00:00","modified_gmt":"2021-11-15T09:00:00","slug":"quand-me-fathi-kemicha-avait-siege-au-nom-de-la-commission-de-droit-international","status":"publish","type":"post","link":"https:\/\/linitiative.ca\/International\/quand-me-fathi-kemicha-avait-siege-au-nom-de-la-commission-de-droit-international\/","title":{"rendered":"Quand Me Fathi Kemicha avait si\u00e9g\u00e9 au nom de la Commission de Droit International"},"content":{"rendered":"<div><img decoding=\"async\" src=\"https:\/\/linitiative.ca\/International\/wp-content\/uploads\/sites\/23\/2021\/11\/1636821549_article.jpg\" alt=\"Quand Me Fathi Kemicha avait si\u00e9g\u00e9 au nom de la CDI\" align=\"left\">Son t\u00e9moignage est pr\u00e9cieux. \u00abLa Tunisie a occup\u00e9 pendant deux mandats un si\u00e8ge \u00e0 la Commision de Droit International, CDI (2001-2011)\u00bb, d\u00e9clare \u00e0 Leaders, Me Fathi Kemicha. J\u2019en \u00e9tais le titulaire en qualit\u00e9 d\u2019expert ind\u00e9pendant, poursuit-il.<br \/>\nLa candidature tunisienne avait alors recueilli le suffrage d\u2019un nombre significatif d\u2019Etats souverains (134 en novembre 2001 et 152 en 2007) gr\u00e2ce \u00e0 la diplomatie tunisienne: les ambassadeurs Si Noureddine Mejdoub et Si Ali Hachani et les brillants diplomates \u00e0 Tunis, New York, Gen\u00e8ve et partout dans le monde.<br \/>\nPour la petite histoire, n\u2019\u00e9tant pas un homme de s\u00e9rail politique de l\u2019\u00e9poque ma candidature a \u00e9t\u00e9 &#8230;<\/p>\n<\/div>\n<p>Auteur:<br \/>\n<a href=\"https:\/\/www.leaders.com.tn\/article\/32651-quand-me-fathi-kemicha-avait-siege-au-nom-de-la-cdi\">Cliquez ici pour lire l&rsquo;article depuis sa source.<\/a><\/p>\n","protected":false},"excerpt":{"rendered":"<p>Son t\u00e9moignage est pr\u00e9cieux. \u00abLa Tunisie a occup\u00e9 pendant deux mandats un si\u00e8ge \u00e0 la Commision de Droit International, CDI (2001-2011)\u00bb, d\u00e9clare \u00e0 Leaders, Me Fathi Kemicha. J\u2019en \u00e9tais le titulaire en qualit\u00e9 d\u2019expert ind\u00e9pendant, poursuit-il. La candidature tunisienne avait alors recueilli le suffrage d\u2019un nombre significatif d\u2019Etats souverains (134 en novembre 2001 et 152 [&hellip;]<\/p>\n","protected":false},"author":1772,"featured_media":0,"comment_status":"closed","ping_status":"closed","sticky":false,"template":"","format":"standard","meta":{"fifu_image_url":"http:\/\/www.leaders.com.tn\/uploads\/content\/thumbnails_small\/1636821549_article.jpg","fifu_image_alt":"Quand Me Fathi Kemicha avait si\u00e9g\u00e9 au nom de la Commission de Droit International","footnotes":""},"categories":[73,55],"tags":[],"class_list":["post-133005","post","type-post","status-publish","format-standard","hentry","category-actualite","category-tunisie"],"_links":{"self":[{"href":"https:\/\/linitiative.ca\/International\/wp-json\/wp\/v2\/posts\/133005","targetHints":{"allow":["GET"]}}],"collection":[{"href":"https:\/\/linitiative.ca\/International\/wp-json\/wp\/v2\/posts"}],"about":[{"href":"https:\/\/linitiative.ca\/International\/wp-json\/wp\/v2\/types\/post"}],"author":[{"embeddable":true,"href":"https:\/\/linitiative.ca\/International\/wp-json\/wp\/v2\/users\/1772"}],"replies":[{"embeddable":true,"href":"https:\/\/linitiative.ca\/International\/wp-json\/wp\/v2\/comments?post=133005"}],"version-history":[{"count":0,"href":"https:\/\/linitiative.ca\/International\/wp-json\/wp\/v2\/posts\/133005\/revisions"}],"wp:attachment":[{"href":"https:\/\/linitiative.ca\/International\/wp-json\/wp\/v2\/media?parent=133005"}],"wp:term":[{"taxonomy":"category","embeddable":true,"href":"https:\/\/linitiative.ca\/International\/wp-json\/wp\/v2\/categories?post=133005"},{"taxonomy":"post_tag","embeddable":true,"href":"https:\/\/linitiative.ca\/International\/wp-json\/wp\/v2\/tags?post=133005"}],"curies":[{"name":"wp","href":"https:\/\/api.w.org\/{rel}","templated":true}]}}