{"id":13301,"date":"2019-02-12T05:00:00","date_gmt":"2019-02-12T10:00:00","guid":{"rendered":"https:\/\/linitiative.ca\/International\/fondation-orange-le-digital-pour-accelerer-lemployabilite\/"},"modified":"2019-02-12T05:00:00","modified_gmt":"2019-02-12T10:00:00","slug":"fondation-orange-le-digital-pour-accelerer-lemployabilite","status":"publish","type":"post","link":"https:\/\/linitiative.ca\/International\/fondation-orange-le-digital-pour-accelerer-lemployabilite\/","title":{"rendered":"Fondation Orange: Le digital pour acc\u00e9l\u00e9rer l\u2019employabilit\u00e9"},"content":{"rendered":"<div class=\"dnd-atom-wrapper type-image context-sdl_editor_representation atom-align-right\" contenteditable=\"false\" readability=\"32\">\n<div class=\"dnd-drop-wrapper image\"><img loading=\"lazy\" decoding=\"async\" typeof=\"foaf:Image\" class=\"img-responsive\" src=\"https:\/\/www.leconomiste.com\/sites\/default\/files\/eco7\/public\/thumbnails\/image\/christine_albanel_050.jpg\" width=\"335\" height=\"340\" alt=\"christine_albanel_050.jpg\" title=\"christine_albanel_050.jpg\"\/><\/div>\n<div class=\"dnd-legend-wrapper\" contenteditable=\"true\" readability=\"9\">\n<p class=\"rtejustify\">Christine Albanel, pr\u00e9sidente d\u00e9l\u00e9gu\u00e9e de la Fondation Orange et ex-ministre de la Culture et de la Communication dans les gouvernements Fillon I et Fillon II <em>(Ph. Orange)<\/em><\/p>\n<\/div>\n<\/div>\n<p class=\"rtejustify\">La Fondation Orange Maroc vient de lancer la 1re \u00abMaison digitale\u00bb. Une ouverture qui rentre dans le cadre d\u2019un vaste programme d\u2019\u00e9ducation num\u00e9rique qui favorise la cr\u00e9ation d\u2019entreprises, l\u2019employabilit\u00e9, l\u2019\u00e9ducation, la formation&#8230; Christine Albanel, pr\u00e9sidente d\u00e9l\u00e9gu\u00e9e de la Fondation Orange, d\u00e9voile les projets \u00e0 venir et l\u2019apport de l\u2019op\u00e9rateur dans la transformation num\u00e9rique en Afrique et au Moyen-Orient.<\/p>\n<p class=\"rtejustify\"><strong>&#8211; L\u2019Economiste: Comment la Fondation Orange d\u00e9ploie-t-elle le digital au service de la culture et des questions soci\u00e9tales?<br \/>&#8211; Christine Albanel:<\/strong> Le num\u00e9rique est le c\u0153ur de m\u00e9tier du groupe Orange et la solidarit\u00e9 est notre raison d\u2019\u00eatre en tant que fondation d\u2019entreprise. Nous avons fait de la solidarit\u00e9 num\u00e9rique le principe qui guide nos actions de m\u00e9c\u00e9nat dans les 30 pays dans lesquels nous sommes pr\u00e9sents. Nos actions visent \u00e0 faciliter l\u2019insertion sociale et professionnelle des jeunes, des femmes en difficult\u00e9 et des personnes autistes. Ceci via des programmes d\u2019\u00e9ducation prioritairement num\u00e9riques. Nous agissons \u00e9galement pour am\u00e9liorer les conditions de vie des populations en France et \u00e0 l\u2019international en facilitant l\u2019acc\u00e8s \u00e0 l\u2019\u00e9ducation et aux soins des populations d\u00e9favoris\u00e9es. Nous contribuons \u00e0 la d\u00e9mocratisation de la culture avec la poursuite de notre engagement en faveur de la musique vocale et la diffusion de la connaissance et de la culture au plus grand nombre de personnes.<\/p>\n<p class=\"rtejustify\"><strong>&#8211; Quels sont les projets de la Fondation Orange au Maroc? Y a-t-il d\u2019autres programmes \u00e0 venir?<\/strong><br \/>&#8211; Outre le lancement de la premi\u00e8re Maison digitale, nous avons d\u2019autres projets au Maroc. Nous comptons lancer le \u00abPrix Orange du Livre de l\u2019Afrique francophone 2019\u00bb avec 39 maisons d\u2019\u00e9dition issues de 16 pays. Pour le Maroc, le choix a \u00e9t\u00e9 port\u00e9 sur l\u2019association Racines. Cette ann\u00e9e, la Fondation compte \u00e9galement mettre en place le projet FabLab Solidaire\u2026<\/p>\n<p class=\"rtejustify\"><strong>&#8211; En mati\u00e8re de RSE, quelle est votre vision pour le continent africain?<\/strong><br \/>&#8211; L\u2019Afrique est notre premi\u00e8re zone en nombre de clients. Le continent repr\u00e9sente une part croissante dans le d\u00e9veloppement du groupe. Orange est un op\u00e9rateur unique. Il est europ\u00e9en et africain. Il compte 263 millions de clients dans le monde. Le groupe est pr\u00e9sent dans 20 pays en Afrique et au Moyen-Orient. Il y\u00a0 g\u00e8re un parc de 119 millions de clients dont 60 millions dans la r\u00e9gion Mena. Figurez-vous qu\u2019il y a plus de clients Orange en Egypte qu\u2019en France. Avec 5 milliards d\u2019euros de chiffre d\u2019affaires, l\u2019Afrique est une priorit\u00e9 strat\u00e9gique. Un Africain sur dix est client d\u2019Orange. De son c\u00f4t\u00e9, Orange Money apporte un service essentiel de transfert d\u2019argent. Un vrai levier de bancarisation du continent.<\/p>\n<p class=\"rtejustify\"><strong>&#8211; O\u00f9 r\u00e9side l\u2019apport d\u2019Orange dans la transformation num\u00e9rique en Afrique?<\/strong><br \/>&#8211; Nous souhaitons devenir le partenaire strat\u00e9gique de la transformation num\u00e9rique de l\u2019Afrique. D\u2019abord via la connectivit\u00e9 mobile et fixe. La connectivit\u00e9 est consid\u00e9r\u00e9e comme un besoin primaire par les populations. Aujourd\u2019hui, 1 personne sur 2 peut t\u00e9l\u00e9phoner en Afrique alors que 1 sur 3 seulement a acc\u00e8s \u00e0 l\u2019eau potable ou \u00e0 l\u2019\u00e9lectricit\u00e9.<br \/>Nous connectons les pays africains \u00e0 internet via les c\u00e2bles sous-marins dans le cadre du projet ACE sur toute la fa\u00e7ade atlantique, par le d\u00e9ploiement massif de la 3G puis de la 4G. Les filiales d\u2019Orange y investissent 1,2 milliard d\u2019euros par an dans les r\u00e9seaux. Le groupe apporte son savoir-faire pour accompagner le d\u00e9veloppement de services num\u00e9riques en Afrique et au Moyen-Orient. Une nouvelle phase s\u2019ouvre et permet de r\u00e9pondre aux besoins des populations (\u00e9lectrification, \u00e9ducation, contenus TV\/musique\/radio\u2026). En mati\u00e8re d\u2019environnement, je suis venue au Maroc, un peu avant la COP22, j\u2019ai pu voir les programmes de fermes solaires, ceux d\u2019alimentation solaire de nos antennes mobiles (2.800 sites en Afrique) et d\u2019\u00e9conomies d\u2019\u00e9nergie. Les pays africains sont en avance!<\/p>\n<p class=\"rtejustify\"><strong>&#8211; Qu\u2019en est-il de la r\u00e9gion Mena?<\/strong><br \/>&#8211; Orange se positionne en tant qu\u2019op\u00e9rateur multi-services et partenaire de r\u00e9f\u00e9rence de la transformation digitale. La p\u00e9n\u00e9tration de l\u2019internet mobile a doubl\u00e9 dans la r\u00e9gion Mena au cours des six derni\u00e8res ann\u00e9es. Elle a atteint un peu moins de 40% de la population totalisant 228 millions d\u2019abonn\u00e9s en 2017. Plus de la moiti\u00e9 des connexions mobiles sont op\u00e9r\u00e9es via smartphone et cela va progresser de 75%. Malgr\u00e9 cela, la fracture num\u00e9rique persiste. 350 millions de personnes n\u2019ont pas acc\u00e8s \u00e0 l\u2019internet mobile dans la zone. Si ces probl\u00e8mes sont trait\u00e9s, 67 millions de personnes suppl\u00e9mentaires pourront acc\u00e9der \u00e0 l\u2019internet mobile d\u2019ici 2020. Ce qui portera le total \u00e0 300 millions d\u2019abonn\u00e9s, soit la moiti\u00e9 de la population. Nous y d\u00e9veloppons des services indispensables \u00e0 la croissance de ces pays et qui r\u00e9pondent \u00e0 des besoins essentiels des populations, notamment des plus jeunes.<\/p>\n<blockquote readability=\"20\">\n<p class=\"rtecenter\"><strong><span class=\"c2\">Impact \u00e9conomique et social<\/span><\/strong><\/p>\n<p class=\"rtejustify\">La Maison digitale inaugur\u00e9e r\u00e9cemment \u00e0 Casablanca est d\u00e9di\u00e9e \u00e0 l\u2019Association Solidarit\u00e9 F\u00e9minine (ASF) venant en aide aux m\u00e8res c\u00e9libataires. Suite \u00e0 un appel \u00e0 projets, l\u2019association a mis \u00e0 la disposition de la Fondation Orange Maroc un espace qui a \u00e9t\u00e9 enti\u00e8rement r\u00e9nov\u00e9, puis \u00e9quip\u00e9 de tout le mat\u00e9riel n\u00e9cessaire aux formations (ordinateurs, outils num\u00e9riques&#8230;). Les tablettes offertes disposent d\u2019un contenu \u00e9ducatif vaste et adapt\u00e9 \u00e0 l\u2019enseignement dont ces femmes ont besoin. Concr\u00e8tement, il s\u2019agit de formations num\u00e9riques de longue dur\u00e9e (6 mois \u00e0 1 an). Certaines femmes y apprennent les bases indispensables: \u00e9criture, calcul, prise en main d\u2019un ordinateur, d\u2019une tablette&#8230; D\u2019autres se forment aux logiciels et aux usages du web. \u00abGr\u00e2ce \u00e0 ce programme, les femmes form\u00e9es pourront notamment acc\u00e9der \u00e0 une activit\u00e9 r\u00e9mun\u00e9r\u00e9e, ou m\u00eame penser \u00e0 se reconvertir professionnellement\u00bb, pr\u00e9cise la Fondation.<\/p>\n<\/blockquote>\n<p class=\"rtejustify\"><em>Propos recueillis par Nadia DREF<\/em><\/p>\n<p><a href=\"https:\/\/www.leconomiste.com\/article\/1040608-fondation-orange-le-digital-pour-accelerer-l-employabilite\">Cliquez ici pour lire l&rsquo;article depuis sa source.<\/a><br \/>\nAuteur: hlafriqi<\/p>\n","protected":false},"excerpt":{"rendered":"<p>Christine Albanel, pr\u00e9sidente d\u00e9l\u00e9gu\u00e9e de la Fondation Orange et ex-ministre de la Culture et de la Communication dans les gouvernements Fillon I et Fillon II (Ph. Orange) La Fondation Orange Maroc vient de lancer la 1re \u00abMaison digitale\u00bb. Une ouverture qui rentre dans le cadre d\u2019un vaste programme d\u2019\u00e9ducation num\u00e9rique qui favorise la cr\u00e9ation d\u2019entreprises, [&hellip;]<\/p>\n","protected":false},"author":1763,"featured_media":13302,"comment_status":"closed","ping_status":"closed","sticky":false,"template":"","format":"standard","meta":{"fifu_image_url":"","fifu_image_alt":"","footnotes":""},"categories":[78,54],"tags":[],"class_list":["post-13301","post","type-post","status-publish","format-standard","has-post-thumbnail","hentry","category-economie","category-maroc"],"_links":{"self":[{"href":"https:\/\/linitiative.ca\/International\/wp-json\/wp\/v2\/posts\/13301","targetHints":{"allow":["GET"]}}],"collection":[{"href":"https:\/\/linitiative.ca\/International\/wp-json\/wp\/v2\/posts"}],"about":[{"href":"https:\/\/linitiative.ca\/International\/wp-json\/wp\/v2\/types\/post"}],"author":[{"embeddable":true,"href":"https:\/\/linitiative.ca\/International\/wp-json\/wp\/v2\/users\/1763"}],"replies":[{"embeddable":true,"href":"https:\/\/linitiative.ca\/International\/wp-json\/wp\/v2\/comments?post=13301"}],"version-history":[{"count":0,"href":"https:\/\/linitiative.ca\/International\/wp-json\/wp\/v2\/posts\/13301\/revisions"}],"wp:featuredmedia":[{"embeddable":true,"href":"https:\/\/linitiative.ca\/International\/wp-json\/"}],"wp:attachment":[{"href":"https:\/\/linitiative.ca\/International\/wp-json\/wp\/v2\/media?parent=13301"}],"wp:term":[{"taxonomy":"category","embeddable":true,"href":"https:\/\/linitiative.ca\/International\/wp-json\/wp\/v2\/categories?post=13301"},{"taxonomy":"post_tag","embeddable":true,"href":"https:\/\/linitiative.ca\/International\/wp-json\/wp\/v2\/tags?post=13301"}],"curies":[{"name":"wp","href":"https:\/\/api.w.org\/{rel}","templated":true}]}}