{"id":133012,"date":"2021-11-15T07:07:19","date_gmt":"2021-11-15T12:07:19","guid":{"rendered":"https:\/\/linitiative.ca\/International\/le-cese-passe-a-la-vitesse-superieure\/"},"modified":"2021-11-15T07:07:19","modified_gmt":"2021-11-15T12:07:19","slug":"le-cese-passe-a-la-vitesse-superieure","status":"publish","type":"post","link":"https:\/\/linitiative.ca\/International\/le-cese-passe-a-la-vitesse-superieure\/","title":{"rendered":"Le CESE passe \u00e0 la vitesse sup\u00e9rieure"},"content":{"rendered":"<div><img decoding=\"async\" width=\"508\" height=\"285\" src=\"https:\/\/linitiative.ca\/International\/wp-content\/uploads\/sites\/23\/2021\/11\/image-CESE.jpg\" class=\"attachment-post-thumbnail size-post-thumbnail wp-post-image\" alt=\"\" loading=\"lazy\" srcset=\"https:\/\/linitiative.ca\/International\/wp-content\/uploads\/sites\/23\/2021\/11\/image-CESE.jpg 508w, https:\/\/www.challenge.ma\/wp-content\/uploads\/2021\/11\/image-CESE-300x168.jpg 300w, https:\/\/www.challenge.ma\/wp-content\/uploads\/2021\/11\/image-CESE-360x202.jpg 360w\" sizes=\"auto, (max-width: 508px) 100vw, 508px\" itemprop=\"image\">Voici un\u00a0\u00abThink Tank public\u00bb qui ne ch\u00f4me pas. Le site du Conseil Economique, Social et Environnemental (CESE) en t\u00e9moigne quantitativement et qualitativement, en termes d\u2019\u00e9tudes, de rapports et d\u2019avis rendus et publi\u00e9s. A travers la qualit\u00e9 de ses contributions, le CESE est devenu une r\u00e9f\u00e9rence aussi bien pour les d\u00e9cideurs<\/div>\n<p>Auteur: Mohamed Amine<br \/>\n<a href=\"https:\/\/www.challenge.ma\/le-cese-passe-a-la-vitesse-superieure-226083\/\">Cliquez ici pour lire l&rsquo;article depuis sa source.<\/a><\/p>\n","protected":false},"excerpt":{"rendered":"<p>Voici un\u00a0\u00abThink Tank public\u00bb qui ne ch\u00f4me pas. Le site du Conseil Economique, Social et Environnemental (CESE) en t\u00e9moigne quantitativement et qualitativement, en termes d\u2019\u00e9tudes, de rapports et d\u2019avis rendus et publi\u00e9s. A travers la qualit\u00e9 de ses contributions, le CESE est devenu une r\u00e9f\u00e9rence aussi bien pour les d\u00e9cideurs Auteur: Mohamed Amine Cliquez ici [&hellip;]<\/p>\n","protected":false},"author":1787,"featured_media":0,"comment_status":"closed","ping_status":"closed","sticky":false,"template":"","format":"standard","meta":{"fifu_image_url":"https:\/\/www.challenge.ma\/wp-content\/uploads\/2021\/11\/image-CESE.jpg","fifu_image_alt":"Le CESE passe \u00e0 la vitesse sup\u00e9rieure","footnotes":""},"categories":[78,54],"tags":[],"class_list":["post-133012","post","type-post","status-publish","format-standard","hentry","category-economie","category-maroc"],"_links":{"self":[{"href":"https:\/\/linitiative.ca\/International\/wp-json\/wp\/v2\/posts\/133012","targetHints":{"allow":["GET"]}}],"collection":[{"href":"https:\/\/linitiative.ca\/International\/wp-json\/wp\/v2\/posts"}],"about":[{"href":"https:\/\/linitiative.ca\/International\/wp-json\/wp\/v2\/types\/post"}],"author":[{"embeddable":true,"href":"https:\/\/linitiative.ca\/International\/wp-json\/wp\/v2\/users\/1787"}],"replies":[{"embeddable":true,"href":"https:\/\/linitiative.ca\/International\/wp-json\/wp\/v2\/comments?post=133012"}],"version-history":[{"count":0,"href":"https:\/\/linitiative.ca\/International\/wp-json\/wp\/v2\/posts\/133012\/revisions"}],"wp:attachment":[{"href":"https:\/\/linitiative.ca\/International\/wp-json\/wp\/v2\/media?parent=133012"}],"wp:term":[{"taxonomy":"category","embeddable":true,"href":"https:\/\/linitiative.ca\/International\/wp-json\/wp\/v2\/categories?post=133012"},{"taxonomy":"post_tag","embeddable":true,"href":"https:\/\/linitiative.ca\/International\/wp-json\/wp\/v2\/tags?post=133012"}],"curies":[{"name":"wp","href":"https:\/\/api.w.org\/{rel}","templated":true}]}}