{"id":133027,"date":"2021-11-15T15:19:26","date_gmt":"2021-11-15T20:19:26","guid":{"rendered":"https:\/\/linitiative.ca\/International\/sanctions-de-lue-contre-les-autorites-de-la-transition-malienne\/"},"modified":"2021-11-15T15:19:26","modified_gmt":"2021-11-15T20:19:26","slug":"sanctions-de-lue-contre-les-autorites-de-la-transition-malienne","status":"publish","type":"post","link":"https:\/\/linitiative.ca\/International\/sanctions-de-lue-contre-les-autorites-de-la-transition-malienne\/","title":{"rendered":"SANCTIONS DE L\u2019UE CONTRE LES AUTORITES DE LA TRANSITION MALIENNE  \u00a0"},"content":{"rendered":"<div>\n<p><img decoding=\"async\" width=\"800\" height=\"450\" src=\"https:\/\/linitiative.ca\/International\/wp-content\/uploads\/sites\/23\/2021\/11\/UE.jpg\" class=\"attachment- size- wp-post-image\" alt=\"\" loading=\"lazy\" style=\"float:left; margin:0 15px 15px 0;\" srcset=\"https:\/\/linitiative.ca\/International\/wp-content\/uploads\/sites\/23\/2021\/11\/UE.jpg 800w, https:\/\/lepays.bf\/wp-content\/uploads\/2021\/11\/UE-300x169.jpg 300w, https:\/\/lepays.bf\/wp-content\/uploads\/2021\/11\/UE-768x432.jpg 768w, https:\/\/lepays.bf\/wp-content\/uploads\/2021\/11\/UE-390x220.jpg 390w\" sizes=\"auto, (max-width: 800px) 100vw, 800px\">On le sait. Les relations entre les autorit\u00e9s de la Transition malienne et la CEDEAO (Communaut\u00e9 \u00e9conomique des Etats des l\u2019Afrique de l\u2019Ouest) sont ex\u00e9crables au point que l\u2019organisation sous- r\u00e9gionale avait pris des sanctions cibl\u00e9es contre des personnalit\u00e9s maliennes. Ainsi, la CEDEAO entendait traduire son m\u00e9contentement \u00e0 l\u2019encontre des autorit\u00e9s de la transition pour \u2026<\/p>\n<p>L\u2019article <a rel=\"nofollow\" href=\"https:\/\/lepays.bf\/sanctions-de-lue-contre-les-autorites-de-la-transition-malienne\/\">SANCTIONS DE L\u2019UE CONTRE LES AUTORITES DE LA TRANSITION MALIENNE  \u00a0<\/a> est apparu en premier sur <a rel=\"nofollow\" href=\"https:\/\/lepays.bf\/\">Editions Le Pays<\/a>.<\/p>\n<\/div>\n<p>Auteur: Editions LEPAYS<br \/>\n<a href=\"https:\/\/lepays.bf\/sanctions-de-lue-contre-les-autorites-de-la-transition-malienne\/\">Cliquez ici pour lire l&rsquo;article depuis sa source.<\/a><\/p>\n","protected":false},"excerpt":{"rendered":"<p>On le sait. Les relations entre les autorit\u00e9s de la Transition malienne et la CEDEAO (Communaut\u00e9 \u00e9conomique des Etats des l\u2019Afrique de l\u2019Ouest) sont ex\u00e9crables au point que l\u2019organisation sous- r\u00e9gionale avait pris des sanctions cibl\u00e9es contre des personnalit\u00e9s maliennes. Ainsi, la CEDEAO entendait traduire son m\u00e9contentement \u00e0 l\u2019encontre des autorit\u00e9s de la transition pour [&hellip;]<\/p>\n","protected":false},"author":1813,"featured_media":0,"comment_status":"closed","ping_status":"closed","sticky":false,"template":"","format":"standard","meta":{"fifu_image_url":"https:\/\/lepays.bf\/wp-content\/uploads\/2021\/11\/UE.jpg","fifu_image_alt":"SANCTIONS DE L\u2019UE CONTRE LES AUTORITES DE LA TRANSITION MALIENNE  \u00a0","footnotes":""},"categories":[73,81],"tags":[],"class_list":["post-133027","post","type-post","status-publish","format-standard","hentry","category-actualite","category-burkina-faso"],"_links":{"self":[{"href":"https:\/\/linitiative.ca\/International\/wp-json\/wp\/v2\/posts\/133027","targetHints":{"allow":["GET"]}}],"collection":[{"href":"https:\/\/linitiative.ca\/International\/wp-json\/wp\/v2\/posts"}],"about":[{"href":"https:\/\/linitiative.ca\/International\/wp-json\/wp\/v2\/types\/post"}],"author":[{"embeddable":true,"href":"https:\/\/linitiative.ca\/International\/wp-json\/wp\/v2\/users\/1813"}],"replies":[{"embeddable":true,"href":"https:\/\/linitiative.ca\/International\/wp-json\/wp\/v2\/comments?post=133027"}],"version-history":[{"count":0,"href":"https:\/\/linitiative.ca\/International\/wp-json\/wp\/v2\/posts\/133027\/revisions"}],"wp:attachment":[{"href":"https:\/\/linitiative.ca\/International\/wp-json\/wp\/v2\/media?parent=133027"}],"wp:term":[{"taxonomy":"category","embeddable":true,"href":"https:\/\/linitiative.ca\/International\/wp-json\/wp\/v2\/categories?post=133027"},{"taxonomy":"post_tag","embeddable":true,"href":"https:\/\/linitiative.ca\/International\/wp-json\/wp\/v2\/tags?post=133027"}],"curies":[{"name":"wp","href":"https:\/\/api.w.org\/{rel}","templated":true}]}}