{"id":133043,"date":"2021-11-15T17:18:01","date_gmt":"2021-11-15T22:18:01","guid":{"rendered":"https:\/\/linitiative.ca\/International\/la-cedeao-profile-a-abidjan-sa-strategie-contre-le-terrorisme-dans-le-golfe-de-guinee\/"},"modified":"2021-11-15T17:18:01","modified_gmt":"2021-11-15T22:18:01","slug":"la-cedeao-profile-a-abidjan-sa-strategie-contre-le-terrorisme-dans-le-golfe-de-guinee","status":"publish","type":"post","link":"https:\/\/linitiative.ca\/International\/la-cedeao-profile-a-abidjan-sa-strategie-contre-le-terrorisme-dans-le-golfe-de-guinee\/","title":{"rendered":"La Cedeao profile \u00e0 Abidjan sa strat\u00e9gie contre le terrorisme dans le Golfe de Guin\u00e9e"},"content":{"rendered":"<div>\n<p><img loading=\"lazy\" decoding=\"async\" width=\"1250\" height=\"830\" src=\"https:\/\/linitiative.ca\/International\/wp-content\/uploads\/sites\/23\/2021\/11\/16370146829047.jpg\" class=\"attachment-post-thumbnail size-post-thumbnail wp-post-image\" alt=\"\" srcset=\"https:\/\/linitiative.ca\/International\/wp-content\/uploads\/sites\/23\/2021\/11\/16370146829047.jpg 1250w, https:\/\/www.journalducameroun.com\/wp-content\/uploads\/2021\/11\/16370146829047-300x199.jpg 300w, https:\/\/www.journalducameroun.com\/wp-content\/uploads\/2021\/11\/16370146829047-768x510.jpg 768w, https:\/\/www.journalducameroun.com\/wp-content\/uploads\/2021\/11\/16370146829047-1024x680.jpg 1024w, https:\/\/www.journalducameroun.com\/wp-content\/uploads\/2021\/11\/16370146829047-663x440.jpg 663w, https:\/\/www.journalducameroun.com\/wp-content\/uploads\/2021\/11\/16370146829047-600x398.jpg 600w\" sizes=\"auto, (max-width: 1250px) 100vw, 1250px\"><\/p>\n<p>Les chefs d&rsquo;\u00c9tat-major de la marine des pays de la Communaut\u00e9 \u00e9conomique des \u00c9tats de l&rsquo;Afrique de l&rsquo;Ouest (Cedeao), r\u00e9unis \u00e0 Abidjan, profilent leur strat\u00e9gie de lutte contre la piraterie maritime et la menace terroriste dans le Golfe de Guin\u00e9e.<\/p>\n<p>Cette r\u00e9union qui se d\u00e9roule sur deux jours, la premi\u00e8re des\u00a0chefs d&rsquo;\u00c9tat-major de la marine des pays de la Cedeao, a \u00e9t\u00e9 ouverte par le secr\u00e9taire permanent de l&rsquo;action de l&rsquo;Etat en mer de C\u00f4te d&rsquo;Ivoire, Abdoulaye Fofana, repr\u00e9sentant le ministre d&rsquo;Etat, ministre de la D\u00e9fense.\u00a0<\/p>\n<p>\u00ab\u00a0La menace terroriste est r\u00e9elle et vous avez les statistiques qui ne mentent pas, mais il y a aussi beaucoup d&rsquo;actions positives qui sont faites pour repousser les terroristes\u00a0\u00bb, a d\u00e9clar\u00e9 le g\u00e9n\u00e9ral Francis B\u00e9hanzin, commissaire aux Affaires politiques, paix et s\u00e9curit\u00e9 de la Cedeao.\u00a0<\/p>\n<p>La rencontre intervient en pr\u00e9lude \u00e0 la r\u00e9union des chefs d&rsquo;Etat-major g\u00e9n\u00e9raux des arm\u00e9es de l&rsquo;organisation pour voir la situation de la s\u00e9curit\u00e9 maritime. Selon le g\u00e9n\u00e9ral B\u00e9hanzin, elle vise \u00e0 \u00a0\u00ab\u00a0rectifier ce qui ne va pas et aller \u00e0 l&rsquo;assaut de la piraterie maritime et la p\u00eache ill\u00e9gitime\u00a0\u00bb. \u00a0<\/p>\n<p>Le Golfe de Guin\u00e9e est actuellement tr\u00e8s menac\u00e9 par la piraterie et des bandes terroristes op\u00e9rant dans le Sahel qui envisagent de joindre le bout de la mer. Cette session vise \u00e0 d\u00e9finir des actions de s\u00e9curit\u00e9 maritime au niveau des \u00c9tats. \u00a0<\/p>\n<p>Au niveau de la Cedeao, les chefs d&rsquo;\u00c9tat ayant d\u00e9j\u00e0 adopt\u00e9 une strat\u00e9gie de s\u00e9curit\u00e9 maritime depuis 2014, cet exercice devrait permettre la mise en place de structures pour g\u00e9rer la s\u00e9curit\u00e9 maritime. \u00a0<\/p>\n<p>Dans ce contexte, la Commission des Affaires politiques, paix et s\u00e9curit\u00e9 de la Cedeao, a mis en place le Sous-comit\u00e9 des chefs d&rsquo;Etat-major de la marine. La r\u00e9union regroupe \u00e9galement des \u00c9tats enclav\u00e9s, qui ont d&rsquo;ailleurs des eaux territoriales sur lesquelles ils font la s\u00e9curit\u00e9.<\/p>\n<p>M. Abdoulaye Fofana, a indiqu\u00e9 que la C\u00f4te d&rsquo;Ivoire s&rsquo;inscrit dans la droite ligne de la strat\u00e9gie globale qui est men\u00e9e au niveau de la Cedeao et du golfe de Guin\u00e9e. L&rsquo;Etat ivoirien, dans sa strat\u00e9gie, s&rsquo;active \u00e0 renforcer ses organes de s\u00e9curisation de l&rsquo;espace maritime. \u00a0<\/p>\n<p>Le Contre-amiral C\u00e9lestin Nguessan Kouam\u00e9, chef d&rsquo;Etat-major de la marine ivoirienne, a fait observer que depuis quelques ann\u00e9es, le Golfe de Guin\u00e9e est \u00ab\u00a0victime de menaces tr\u00e8s complexes impactant consid\u00e9rablement la gouvernance de nos \u00c9tats\u00a0\u00bb.<\/p>\n<p>Une action r\u00e9gionale prise \u00e0 Yaound\u00e9 indique qu&rsquo;il doit avoir un centre r\u00e9gional de s\u00e9curit\u00e9 maritime de l&rsquo;Afrique de l&rsquo;Ouest et des centres par zone de s\u00e9curit\u00e9 maritime. Et ce, en vue de pr\u00e9server l&rsquo;\u00e9conomie bleue au niveau du Golfe de Guin\u00e9e.\u00a0<\/p>\n<p>Cet article <a rel=\"nofollow\" href=\"https:\/\/www.journalducameroun.com\/la-cedeao-profile-a-abidjan-sa-strategie-contre-le-terrorisme-dans-le-golfe-de-guinee\/\">La Cedeao profile \u00e0 Abidjan sa strat\u00e9gie contre le terrorisme dans le Golfe de Guin\u00e9e<\/a> est apparu en premier sur <a rel=\"nofollow\" href=\"https:\/\/www.journalducameroun.com\/\">Journal du Cameroun<\/a>.<\/p>\n<\/div>\n<p>Auteur: APA News<br \/>\n<a href=\"https:\/\/www.journalducameroun.com\/la-cedeao-profile-a-abidjan-sa-strategie-contre-le-terrorisme-dans-le-golfe-de-guinee\/\">Cliquez ici pour lire l&rsquo;article depuis sa source.<\/a><\/p>\n","protected":false},"excerpt":{"rendered":"<p>Les chefs d&rsquo;\u00c9tat-major de la marine des pays de la Communaut\u00e9 \u00e9conomique des \u00c9tats de l&rsquo;Afrique de l&rsquo;Ouest (Cedeao), r\u00e9unis \u00e0 Abidjan, profilent leur strat\u00e9gie de lutte contre la piraterie maritime et la menace terroriste dans le Golfe de Guin\u00e9e. Cette r\u00e9union qui se d\u00e9roule sur deux jours, la premi\u00e8re des\u00a0chefs d&rsquo;\u00c9tat-major de la marine [&hellip;]<\/p>\n","protected":false},"author":1965,"featured_media":0,"comment_status":"closed","ping_status":"closed","sticky":false,"template":"","format":"standard","meta":{"fifu_image_url":"https:\/\/www.journalducameroun.com\/wp-content\/uploads\/2021\/11\/16370146829047.jpg","fifu_image_alt":"La Cedeao profile \u00e0 Abidjan sa strat\u00e9gie contre le terrorisme dans le Golfe de Guin\u00e9e","footnotes":""},"categories":[73,82],"tags":[],"class_list":["post-133043","post","type-post","status-publish","format-standard","hentry","category-actualite","category-cameroun"],"_links":{"self":[{"href":"https:\/\/linitiative.ca\/International\/wp-json\/wp\/v2\/posts\/133043","targetHints":{"allow":["GET"]}}],"collection":[{"href":"https:\/\/linitiative.ca\/International\/wp-json\/wp\/v2\/posts"}],"about":[{"href":"https:\/\/linitiative.ca\/International\/wp-json\/wp\/v2\/types\/post"}],"author":[{"embeddable":true,"href":"https:\/\/linitiative.ca\/International\/wp-json\/wp\/v2\/users\/1965"}],"replies":[{"embeddable":true,"href":"https:\/\/linitiative.ca\/International\/wp-json\/wp\/v2\/comments?post=133043"}],"version-history":[{"count":0,"href":"https:\/\/linitiative.ca\/International\/wp-json\/wp\/v2\/posts\/133043\/revisions"}],"wp:attachment":[{"href":"https:\/\/linitiative.ca\/International\/wp-json\/wp\/v2\/media?parent=133043"}],"wp:term":[{"taxonomy":"category","embeddable":true,"href":"https:\/\/linitiative.ca\/International\/wp-json\/wp\/v2\/categories?post=133043"},{"taxonomy":"post_tag","embeddable":true,"href":"https:\/\/linitiative.ca\/International\/wp-json\/wp\/v2\/tags?post=133043"}],"curies":[{"name":"wp","href":"https:\/\/api.w.org\/{rel}","templated":true}]}}