{"id":133047,"date":"2021-11-15T11:33:19","date_gmt":"2021-11-15T16:33:19","guid":{"rendered":"https:\/\/linitiative.ca\/International\/filiere-cacao-cafe-les-torrefacteurs-francais-veulent-aider-a-la-relance-du-cafe-camerounais\/"},"modified":"2021-11-15T11:33:19","modified_gmt":"2021-11-15T16:33:19","slug":"filiere-cacao-cafe-les-torrefacteurs-francais-veulent-aider-a-la-relance-du-cafe-camerounais","status":"publish","type":"post","link":"https:\/\/linitiative.ca\/International\/filiere-cacao-cafe-les-torrefacteurs-francais-veulent-aider-a-la-relance-du-cafe-camerounais\/","title":{"rendered":"Fili\u00e8re cacao &amp; caf\u00e9 : les torr\u00e9facteurs fran\u00e7ais veulent aider \u00e0 la relance du caf\u00e9 camerounais"},"content":{"rendered":"<div>\n<p>Le caf\u00e9 camerounais int\u00e9resse l e s torr\u00e9facteurs fran\u00e7ais. Une d\u00e9l\u00e9gation de torr\u00e9facteurs fran\u00e7ais du Comit\u00e9 Fran\u00e7ais du Caf\u00e9 (CFC) a s\u00e9journ\u00e9 la semaine derni\u00e8re au Cameroun, entre les 7 et 13 novembre, dans le cadre d\u2019une mission d\u2019inspection de la fili\u00e8re caf\u00e9 camerounaise, \u00e0 l\u2019invitation du Conseil interprofessionnel du cacao et du caf\u00e9 (Cicc). Elle \u00e9tait constitu\u00e9e du pr\u00e9sident du CFC, David Serruys, son pr\u00e9sident, et \u00c9ric Villemaine, son vice-pr\u00e9sident. Au cours de leur s\u00e9jour en terre camerounaise, ils ont laiss\u00e9 entendre qu\u2019ils sont \u00e0 la conqu\u00eate de nouvelles origines pour enrichir leurs vari\u00e9t\u00e9s destin\u00e9es \u00e0 la consommation, et qu\u2019ils avaient port\u00e9 leur choix sur le caf\u00e9 camerounais. Avec<br \/>l\u2019accompagnement du Centre du commerce international, partenaire du Conseil interprofessionnel du cacao et du caf\u00e9 (Cicc), les dirigeants du CFC ont au cours de cette mission, pris contact avec les acteurs de la fili\u00e8re.<\/p>\n<p><strong>Lire aussi <\/strong>: <strong><a href=\"https:\/\/ecomatin.net\/cacao-cafe-un-guichet-producteur-de-62-milliards-pour-booster-la-filiere\/\">Cacao-caf\u00e9 : un guichet producteur de 6,2 milliards pour booster la fili\u00e8re<\/a><\/strong><\/p>\n<p>Apr\u00e8s des descentes dans quelques bassins de production \u00e0 l\u2019image de la r\u00e9gion du Nord-Ouest, la d\u00e9l\u00e9gation du CFC a \u00e9t\u00e9 re\u00e7ue le 10 novembre dernier au minist\u00e8re du Commerce pour une s\u00e9ance de d\u00e9briefing avec le patron des lieux, Luc Magloire Mbarga Atangana. Au cours de cette audience, des pistes de collaboration\u00a0\u00a0entre le gouvernement camerounais et les torr\u00e9facteurs fran\u00e7ais ont \u00e9t\u00e9 envisag\u00e9es dans l\u2019optique de la relance et de la valorisation du caf\u00e9 camerounais. \u00ab De 180 000 tonnes \u00e0 35 000, la production actuelle de caf\u00e9, on a envie de construire avec vous un discours win to win. C\u2019est ensemble qu\u2019on va construire un caf\u00e9 d\u2019avenir qui se vendra en Europe et partout dans le monde. On est venu observer, voir si on peut am\u00e9liorer la qualit\u00e9\u00bb, a d\u00e9clar\u00e9 David Serrus, pr\u00e9sident du CFC dans des propos relay\u00e9s par le minist\u00e8re du Commerce.<\/p>\n<p><strong>Lire aussi<\/strong> : <strong><a href=\"https:\/\/ecomatin.net\/filiere-cacao-hausse-du-prix-du-kilogramme-otage-des-speculations-boursieres\/\">Fili\u00e8re cacao : hausse du prix du kilogramme, otage des sp\u00e9culations boursi\u00e8res<\/a><\/strong><\/p>\n<p>Le CFC entend contribuer au renforcement des capacit\u00e9s des torr\u00e9facteurs afin de valoriser le verger camerounais. Une ambition soutenue par l\u2019International Trade Centre. Nicholas Mudungwe, Programme officer alliance for action inclusive agribusiness systems, par ailleurs membre de cette d\u00e9l\u00e9gation, a promis de renforcer les capacit\u00e9s des planteurs, d\u2019am\u00e9liorer la qualit\u00e9 ainsi que la productivit\u00e9. L\u2019une des niches \u00e0 explorer pour l\u2019\u00e9coulement du caf\u00e9 transform\u00e9 est le Maghreb dans le cadre de la Zone de Libre-Echange Continentale Africaine(Zlecaf). \u00ab Nous voulons faire pour le caf\u00e9, ce qu\u2019on a fait pour le cacao, nous entendons int\u00e9grer les jeune et du terrain \u00bb, a promis Apollinaire Gwe, le pr\u00e9sident du conseil ex\u00e9cutif du CICC. Pour permettre au CFC et au CICC d\u2019atteindre leurs objectifs, le patron du commerce a promis toute sa disponibilit\u00e9 et l\u2019accompagnement n\u00e9cessaires. L\u2019avenir se veut donc prometteur pour la fili\u00e8re caf\u00e9 qui a connu un malaise depuis quelques ann\u00e9es. L\u2019objectif de cette d\u00e9marche salvatrice entreprise\u00a0\u00a0par le Gouvernement est de redonner le sourire aux producteurs de ce produit appr\u00e9ci\u00e9.<\/p>\n<p><strong>Lire aussi<\/strong> : <strong><a href=\"https:\/\/ecomatin.net\/filiere-cacao-le-cameroun-a-produit-292471-millions-de-tonnes-lors-de-la-campagne-2020-2021\/\" target=\"_blank\" rel=\"noreferrer noopener\">Fili\u00e8re cacao : le Cameroun a produit 292,471 millions de kg lors de la campagne 2020-2021<\/a><\/strong><\/p>\n<p>L\u2019article <a rel=\"nofollow\" href=\"https:\/\/ecomatin.net\/filiere-cacao-cafe-les-torrefacteurs-francais-veulent-aider-a-la-relance-du-cafe-camerounais\/\">Fili\u00e8re cacao &amp; caf\u00e9 : les torr\u00e9facteurs fran\u00e7ais veulent aider \u00e0 la relance du caf\u00e9 camerounais<\/a> est apparu en premier sur <a rel=\"nofollow\" href=\"https:\/\/ecomatin.net\/\">EcoMatin<\/a>.<\/p>\n<\/div>\n<p>Auteur: Yannick KENNE<br \/>\n<a href=\"https:\/\/ecomatin.net\/filiere-cacao-cafe-les-torrefacteurs-francais-veulent-aider-a-la-relance-du-cafe-camerounais\/\">Cliquez ici pour lire l&rsquo;article depuis sa source.<\/a><\/p>\n","protected":false},"excerpt":{"rendered":"<p>Le caf\u00e9 camerounais int\u00e9resse l e s torr\u00e9facteurs fran\u00e7ais. Une d\u00e9l\u00e9gation de torr\u00e9facteurs fran\u00e7ais du Comit\u00e9 Fran\u00e7ais du Caf\u00e9 (CFC) a s\u00e9journ\u00e9 la semaine derni\u00e8re au Cameroun, entre les 7 et 13 novembre, dans le cadre d\u2019une mission d\u2019inspection de la fili\u00e8re caf\u00e9 camerounaise, \u00e0 l\u2019invitation du Conseil interprofessionnel du cacao et du caf\u00e9 (Cicc). [&hellip;]<\/p>\n","protected":false},"author":1969,"featured_media":0,"comment_status":"closed","ping_status":"closed","sticky":false,"template":"","format":"standard","meta":{"fifu_image_url":"","fifu_image_alt":"","footnotes":""},"categories":[82,78],"tags":[],"class_list":["post-133047","post","type-post","status-publish","format-standard","hentry","category-cameroun","category-economie"],"_links":{"self":[{"href":"https:\/\/linitiative.ca\/International\/wp-json\/wp\/v2\/posts\/133047","targetHints":{"allow":["GET"]}}],"collection":[{"href":"https:\/\/linitiative.ca\/International\/wp-json\/wp\/v2\/posts"}],"about":[{"href":"https:\/\/linitiative.ca\/International\/wp-json\/wp\/v2\/types\/post"}],"author":[{"embeddable":true,"href":"https:\/\/linitiative.ca\/International\/wp-json\/wp\/v2\/users\/1969"}],"replies":[{"embeddable":true,"href":"https:\/\/linitiative.ca\/International\/wp-json\/wp\/v2\/comments?post=133047"}],"version-history":[{"count":0,"href":"https:\/\/linitiative.ca\/International\/wp-json\/wp\/v2\/posts\/133047\/revisions"}],"wp:attachment":[{"href":"https:\/\/linitiative.ca\/International\/wp-json\/wp\/v2\/media?parent=133047"}],"wp:term":[{"taxonomy":"category","embeddable":true,"href":"https:\/\/linitiative.ca\/International\/wp-json\/wp\/v2\/categories?post=133047"},{"taxonomy":"post_tag","embeddable":true,"href":"https:\/\/linitiative.ca\/International\/wp-json\/wp\/v2\/tags?post=133047"}],"curies":[{"name":"wp","href":"https:\/\/api.w.org\/{rel}","templated":true}]}}