{"id":133049,"date":"2021-11-15T12:19:26","date_gmt":"2021-11-15T17:19:26","guid":{"rendered":"https:\/\/linitiative.ca\/International\/assemblee-nationale-vers-la-ratification-du-protocole-relatif-aux-droits-des-personnes-agees\/"},"modified":"2021-11-15T12:19:26","modified_gmt":"2021-11-15T17:19:26","slug":"assemblee-nationale-vers-la-ratification-du-protocole-relatif-aux-droits-des-personnes-agees","status":"publish","type":"post","link":"https:\/\/linitiative.ca\/International\/assemblee-nationale-vers-la-ratification-du-protocole-relatif-aux-droits-des-personnes-agees\/","title":{"rendered":"Assembl\u00e9e nationale : vers la ratification du protocole relatif aux droits des personnes \u00e2g\u00e9es"},"content":{"rendered":"<div>\n<p>Le 12 novembre dernier, le vice-pr\u00e9sident de l\u2019Assembl\u00e9e nationale, Hilarion Etong, a communiqu\u00e9 le projet de loi autorisant le pr\u00e9sident de la R\u00e9publique \u00e0 ratifier le Protocole \u00e0 la Charte africaine des droits de l\u2019Homme et des peuples relatif aux droits des personnes \u00e2g\u00e9es. Adopt\u00e9 le 31 janvier 2016 \u00e0 Addis-Abeba (Ethiopie), \u00e0 l\u2019issue de la 26<sup>e<\/sup>\u00a0session ordinaire de la Conf\u00e9rence des chefs d\u2019Etats et de gouvernement, ledit Protocole a \u00e9t\u00e9 sign\u00e9 par le Cameroun le 05 f\u00e9vrier 2020.<\/p>\n<p>Aux termes des dispositions de l\u2019article 18(4) de la Charte africaine des droits de l\u2019Homme et des peuples, \u00ab\u00a0les personnes \u00e2g\u00e9es ou handicap\u00e9es ont \u00e9galement droit \u00e0 des mesures sp\u00e9cifiques de protection en rapport avec leurs besoins physiques ou moraux\u00a0\u00bb, rappelle l\u2019expos\u00e9 des motifs. Par ailleurs, le Protocole comporte un pr\u00e9ambule et 32 articles qui \u00e9noncent d\u2019une part, les r\u00e8gles devant permettre d\u2019am\u00e9liorer les conditions de vie des personnes \u00e2g\u00e9es, d\u2019assurer leur participation au d\u00e9veloppement socio-\u00e9conomique et culturel, de prot\u00e9ger les femmes \u00e2g\u00e9es, les personnes \u00e2g\u00e9es handicap\u00e9es, les personnes \u00e2g\u00e9es dans les situations de conflits et de catastrophe, et d\u2019autre part, celles relatives aux obligations des personnes \u00e2g\u00e9es \u00e0 l\u2019\u00e9gard de leur famille, de leur communaut\u00e9 et de l\u2019Etat.<\/p>\n<p>En ratifiant cet instrument international, le Cameroun entend ainsi \u00ab\u00a0combler le vide juridique en mati\u00e8re de protection sociale des personnes \u00e2g\u00e9es\u00a0\u00bb.\u00a0 C\u2019est \u00e9galement \u00ab\u00a0l\u2019occasion de mettre efficacement en \u0153uvre la politique nationale de protection sociale des personnes \u00e2g\u00e9es et de leur permettre de participer dignement au d\u00e9veloppement socio-culturel et \u00e9conomique pour un meilleur rayonnement du Cameroun dans le monde\u00a0\u00bb, justifie l\u2019initiateur du projet de loi.<\/p>\n<p><strong>Ren\u00e9 Ombala<\/strong><\/p>\n<p>L\u2019article <a rel=\"nofollow\" href=\"https:\/\/ecomatin.net\/assemblee-nationale-vers-s-la-ratification-du-protocole-relatif-aux-droits-des-personnes-agees\/\">Assembl\u00e9e nationale : vers la ratification du protocole relatif aux droits des personnes \u00e2g\u00e9es<\/a> est apparu en premier sur <a rel=\"nofollow\" href=\"https:\/\/ecomatin.net\/\">EcoMatin<\/a>.<\/p>\n<\/div>\n<p>Auteur: EcoMatin<br \/>\n<a href=\"https:\/\/ecomatin.net\/assemblee-nationale-vers-s-la-ratification-du-protocole-relatif-aux-droits-des-personnes-agees\/\">Cliquez ici pour lire l&rsquo;article depuis sa source.<\/a><\/p>\n","protected":false},"excerpt":{"rendered":"<p>Le 12 novembre dernier, le vice-pr\u00e9sident de l\u2019Assembl\u00e9e nationale, Hilarion Etong, a communiqu\u00e9 le projet de loi autorisant le pr\u00e9sident de la R\u00e9publique \u00e0 ratifier le Protocole \u00e0 la Charte africaine des droits de l\u2019Homme et des peuples relatif aux droits des personnes \u00e2g\u00e9es. Adopt\u00e9 le 31 janvier 2016 \u00e0 Addis-Abeba (Ethiopie), \u00e0 l\u2019issue de [&hellip;]<\/p>\n","protected":false},"author":1969,"featured_media":0,"comment_status":"closed","ping_status":"closed","sticky":false,"template":"","format":"standard","meta":{"fifu_image_url":"","fifu_image_alt":"","footnotes":""},"categories":[82,78],"tags":[],"class_list":["post-133049","post","type-post","status-publish","format-standard","hentry","category-cameroun","category-economie"],"_links":{"self":[{"href":"https:\/\/linitiative.ca\/International\/wp-json\/wp\/v2\/posts\/133049","targetHints":{"allow":["GET"]}}],"collection":[{"href":"https:\/\/linitiative.ca\/International\/wp-json\/wp\/v2\/posts"}],"about":[{"href":"https:\/\/linitiative.ca\/International\/wp-json\/wp\/v2\/types\/post"}],"author":[{"embeddable":true,"href":"https:\/\/linitiative.ca\/International\/wp-json\/wp\/v2\/users\/1969"}],"replies":[{"embeddable":true,"href":"https:\/\/linitiative.ca\/International\/wp-json\/wp\/v2\/comments?post=133049"}],"version-history":[{"count":0,"href":"https:\/\/linitiative.ca\/International\/wp-json\/wp\/v2\/posts\/133049\/revisions"}],"wp:attachment":[{"href":"https:\/\/linitiative.ca\/International\/wp-json\/wp\/v2\/media?parent=133049"}],"wp:term":[{"taxonomy":"category","embeddable":true,"href":"https:\/\/linitiative.ca\/International\/wp-json\/wp\/v2\/categories?post=133049"},{"taxonomy":"post_tag","embeddable":true,"href":"https:\/\/linitiative.ca\/International\/wp-json\/wp\/v2\/tags?post=133049"}],"curies":[{"name":"wp","href":"https:\/\/api.w.org\/{rel}","templated":true}]}}