{"id":133061,"date":"2021-11-16T11:30:13","date_gmt":"2021-11-16T16:30:13","guid":{"rendered":"https:\/\/linitiative.ca\/International\/deux-evenements-en-un-biennale-de-la-danse-en-afrique-et-on-marche\/"},"modified":"2021-11-16T11:30:13","modified_gmt":"2021-11-16T16:30:13","slug":"deux-evenements-en-un-biennale-de-la-danse-en-afrique-et-on-marche","status":"publish","type":"post","link":"https:\/\/linitiative.ca\/International\/deux-evenements-en-un-biennale-de-la-danse-en-afrique-et-on-marche\/","title":{"rendered":"Deux \u00e9v\u00e9nements en un : Biennale de la danse en Afrique et \u00abOn Marche\u00bb"},"content":{"rendered":"<div>\n<p><img loading=\"lazy\" decoding=\"async\" width=\"300\" height=\"153\" src=\"https:\/\/linitiative.ca\/International\/wp-content\/uploads\/sites\/23\/2021\/11\/Biennale-de-la-danse-en-Afrique-et-On-Marche-300x153-1.jpg\" class=\"attachment-medium size-medium wp-post-image\" alt=\"\" srcset=\"https:\/\/linitiative.ca\/International\/wp-content\/uploads\/sites\/23\/2021\/11\/Biennale-de-la-danse-en-Afrique-et-On-Marche-300x153-1.jpg 300w, https:\/\/aujourdhui.ma\/wp-content\/uploads\/2021\/11\/Biennale-de-la-danse-en-Afrique-et-On-Marche-274x140.jpg 274w, https:\/\/aujourdhui.ma\/wp-content\/uploads\/2021\/11\/Biennale-de-la-danse-en-Afrique-et-On-Marche.jpg 746w, https:\/\/aujourdhui.ma\/wp-content\/uploads\/2021\/11\/Biennale-de-la-danse-en-Afrique-et-On-Marche-165x84.jpg 165w, https:\/\/aujourdhui.ma\/wp-content\/uploads\/2021\/11\/Biennale-de-la-danse-en-Afrique-et-On-Marche-702x358.jpg 702w\" sizes=\"auto, (max-width: 300px) 100vw, 300px\"><\/p>\n<p><span style=\"color: #800000; font-size: 18px;\"><strong>En cette rentr\u00e9e, la danse contemporaine sera mise \u00e0 l\u2019honneur comme il se doit \u00e0 Marrakech.<\/strong><\/span><\/p>\n<p><span id=\"more-391503\"><\/span><\/p>\n<p>A l\u2019occasion du 15\u00e8me Festival international de danse contemporaine \u00e0 Marrakech \u00abOn Marche\u00bb, la Biennale de la danse en Afrique s\u2019implantera du 22 au 27 novembre dans la ville ocre. Le festival On Marche s\u2019est forg\u00e9 depuis sa cr\u00e9ation en 2005, une place de choix dans le paysage culturel marocain. De son c\u00f4t\u00e9, la Biennale de la danse en Afrique est lanc\u00e9e en 1997 avec l\u2019objectif de d\u00e9couvrir des talents et assurer la promotion de la cr\u00e9ation chor\u00e9graphique du continent. Son originalit\u00e9 \u00e9tant d\u2019\u00eatre itin\u00e9rante et de s\u2019appuyer sur des festivals port\u00e9s par des op\u00e9rateurs culturels du continent. Quant \u00e0 la programmation de cette grande manifestation, elle sera, selon Taoufiq Izeddiou, fondateur du festival On Marche et directeur artistique de la Biennale, \u00abtourn\u00e9e vers l\u2019avenir\u00bb. \u00abNous allons notamment mettre en lumi\u00e8re les cr\u00e9ations de 20 jeunes chor\u00e9graphes \u00e9mergents \u00e0 travers le volet G\u00e9n\u00e9ration 2020\u00bb, d\u00e9taille-t-il. Dans ce sens, la cr\u00e9ation marocaine sera \u00e0 l\u2019honneur chaque jour gr\u00e2ce \u00e0 une plate-forme d\u00e9di\u00e9e aux jeunes talents du Royaume.<\/p>\n<p>Au total, plus de 100 artistes appartenant \u00e0 34 compagnies du continent africain s\u2019y produiront. Pendant 6 jours, Marrakech va donc vivre au rythme d\u2019un programme riche en master class, en conf\u00e9rences, en projections de films sur l\u2019histoire des danses africaines et en repr\u00e9sentations chor\u00e9graphiques. Et pour toucher un large public, plusieurs performances artistiques auront lieu dans des espaces publics. Et ce n\u2019est pas tout ! Vu la qualit\u00e9 exceptionnelle des spectacles, ceux-ci seront retransmis int\u00e9gralement via la plate-forme digitale africaine Afropolis. Mieux encore, le festival pr\u00e9sentera l\u2019\u00e9tat de l\u2019art chor\u00e9graphique sur le continent. \u00abUne journ\u00e9e \u00e0 la biennale est pens\u00e9e comme le parcours d\u2019une vie de danseur, elle en suit toutes les \u00e9tapes.<\/p>\n<p>Initiation et formation le matin, premiers pas sur sc\u00e8ne l\u2019apr\u00e8smidi avec la g\u00e9n\u00e9ration 2020 des chor\u00e9graphes \u00e9mergents, et en soir\u00e9e d\u00e9couverte des cr\u00e9ation de chor\u00e9graphes confirm\u00e9s\u00bb, avance M. Izzediou. Aussi, cette biennale, dont l\u2019Institut fran\u00e7ais est un partenaire principal, est l\u2019occasion de rendre un vibrant hommage aux pionniers de la danse sur le continent. Elle a \u00e9galement pour la premi\u00e8re fois \u00e9t\u00e9 r\u00e9fl\u00e9chie, r\u00eav\u00e9e et compos\u00e9e gr\u00e2ce \u00e0 un comit\u00e9 artistique de qualit\u00e9, compos\u00e9 d\u2019op\u00e9rateurs\/chor\u00e9graphes confirm\u00e9s qui sont engag\u00e9s dans le d\u00e9veloppement de la danse en Afrique. En outre, cet \u00e9v\u00e9nement, qui retracera l\u2019histoire des danses africaines via le cin\u00e9ma, pr\u00e9sentera 20 jeunes premi\u00e8res cr\u00e9ations chor\u00e9graphiques que le public aura la primeur de d\u00e9couvrir \u00e0 Marrakech. C\u2019est en partenariat avec L\u2019institut Fran\u00e7ais Paris qu\u2019un dispositif d\u2019incubation de projets chor\u00e9graphiques \u00abR\u00e9sidences 2019\u00bb a permis pendant plus d\u2019un an de d\u00e9couvrir et d\u2019accompagner des chor\u00e9graphes \u00e9mergents du continent africain dans leur processus de cr\u00e9ation.<\/p>\n<p>Seront \u00e9galement programm\u00e9s des chor\u00e9graphes de la plate-forme Ankata pens\u00e9e par Serge Aim\u00e9 Coulibaly. Dans l\u2019ensemble, les oeuvres \u00abD\u2019un r\u00eave 8\u00bb de Salia Sanou (Burkina Faso), \u00abPerformance D I\u00bb de Fatou Cisse (S\u00e9n\u00e9gal), \u00abSiguifin I\u00bb d\u2019Amala Dianor, Naomi Fall, Ladji Kon\u00e9 &amp; Alioune Diagne (Mali), \u00ab#MOI I\u00bb de Gaby Saranouffi (Madagascar), \u00abSpirit Child I\u00bb de Qudus Onikeku (Nigeria), \u00abAkzak I\u00bb de H\u00e9la Fattoumi et Eric Lamoureux (France, Tunisie, Maroc, Burkina Faso) et \u00abHmedcha I\u00bb de Taoufiq Izeddiou (Marrakech) entre autres seront pr\u00e9sent\u00e9es lors de ce festival qui se d\u00e9roulera en mode hybride dans plusieurs sites de la ville ocre.<\/p>\n<\/div>\n<p>Auteur: ALM<br \/>\n<a href=\"https:\/\/aujourdhui.ma\/culture\/deux-evenements-en-un-biennale-de-la-danse-en-afrique-et-on-marche\">Cliquez ici pour lire l&rsquo;article depuis sa source.<\/a><\/p>\n","protected":false},"excerpt":{"rendered":"<p>En cette rentr\u00e9e, la danse contemporaine sera mise \u00e0 l\u2019honneur comme il se doit \u00e0 Marrakech. A l\u2019occasion du 15\u00e8me Festival international de danse contemporaine \u00e0 Marrakech \u00abOn Marche\u00bb, la Biennale de la danse en Afrique s\u2019implantera du 22 au 27 novembre dans la ville ocre. Le festival On Marche s\u2019est forg\u00e9 depuis sa cr\u00e9ation [&hellip;]<\/p>\n","protected":false},"author":1759,"featured_media":0,"comment_status":"closed","ping_status":"closed","sticky":false,"template":"","format":"standard","meta":{"fifu_image_url":"https:\/\/aujourdhui.ma\/wp-content\/uploads\/2021\/11\/Biennale-de-la-danse-en-Afrique-et-On-Marche-300x153.jpg","fifu_image_alt":"Deux \u00e9v\u00e9nements en un : Biennale de la danse en Afrique et \u00abOn Marche\u00bb","footnotes":""},"categories":[73,54],"tags":[],"class_list":["post-133061","post","type-post","status-publish","format-standard","hentry","category-actualite","category-maroc"],"_links":{"self":[{"href":"https:\/\/linitiative.ca\/International\/wp-json\/wp\/v2\/posts\/133061","targetHints":{"allow":["GET"]}}],"collection":[{"href":"https:\/\/linitiative.ca\/International\/wp-json\/wp\/v2\/posts"}],"about":[{"href":"https:\/\/linitiative.ca\/International\/wp-json\/wp\/v2\/types\/post"}],"author":[{"embeddable":true,"href":"https:\/\/linitiative.ca\/International\/wp-json\/wp\/v2\/users\/1759"}],"replies":[{"embeddable":true,"href":"https:\/\/linitiative.ca\/International\/wp-json\/wp\/v2\/comments?post=133061"}],"version-history":[{"count":0,"href":"https:\/\/linitiative.ca\/International\/wp-json\/wp\/v2\/posts\/133061\/revisions"}],"wp:attachment":[{"href":"https:\/\/linitiative.ca\/International\/wp-json\/wp\/v2\/media?parent=133061"}],"wp:term":[{"taxonomy":"category","embeddable":true,"href":"https:\/\/linitiative.ca\/International\/wp-json\/wp\/v2\/categories?post=133061"},{"taxonomy":"post_tag","embeddable":true,"href":"https:\/\/linitiative.ca\/International\/wp-json\/wp\/v2\/tags?post=133061"}],"curies":[{"name":"wp","href":"https:\/\/api.w.org\/{rel}","templated":true}]}}