{"id":133063,"date":"2021-11-15T13:00:00","date_gmt":"2021-11-15T18:00:00","guid":{"rendered":"https:\/\/linitiative.ca\/International\/le-plf-2022-aggrave-les-disparites-sociales-et-la-degradation-du-pouvoir-dachat-du-citoyen\/"},"modified":"2021-11-15T13:00:00","modified_gmt":"2021-11-15T18:00:00","slug":"le-plf-2022-aggrave-les-disparites-sociales-et-la-degradation-du-pouvoir-dachat-du-citoyen","status":"publish","type":"post","link":"https:\/\/linitiative.ca\/International\/le-plf-2022-aggrave-les-disparites-sociales-et-la-degradation-du-pouvoir-dachat-du-citoyen\/","title":{"rendered":"Le PLF 2022 aggrave les disparit\u00e9s sociales et la d\u00e9gradation du pouvoir d\u2019achat du citoyen"},"content":{"rendered":"<div>\n<p class=\"has-text-align-center has-vivid-cyan-blue-color has-text-color\"><strong>Rachid Hamouni, pr\u00e9sident du Groupe parlementaire du progr\u00e8s et du socialisme<\/strong><\/p>\n<p class=\"has-text-align-right has-black-color has-text-color\"><strong>Fairouz EL Mouden<\/strong><\/p>\n<p class=\"has-black-color has-text-color\"><strong>Rachid Hamouni, d\u00e9put\u00e9 et chef du Groupe parlementaire du progr\u00e8s et du socialisme, ne veut pas y aller\u00a0 par quatre chemins. Son intervention, lors de la discussion de la premi\u00e8re partie du projet de loi des finances 2022, a mis la lumi\u00e8re sur les grandes faiblesses du prochain budget. Il pointe du doigt les hypoth\u00e8ses sur lesquelles se base le projet de loi des finances, ainsi que les mesures et les modes de financement propos\u00e9s pour r\u00e9aliser les objectifs trac\u00e9s dans le cadre du PLF 2022.<\/strong><\/p>\n<p class=\"has-black-color has-text-color\">Le pr\u00e9sident du Groupe parlementaire du progr\u00e8s et du socialisme qualifie le gouvernement actuel de gouvernement\u00a0 \u00ab\u00a0exceptionnel\u00a0\u00bb puisque c\u2019est pour la premi\u00e8re fois qu\u2019un gouvernement est constitu\u00e9 de trois partis politiques uniquement. Il est, d\u2019abord, \u00ab\u00a0exceptionnel\u00a0\u00bb car la majorit\u00e9 de ses ministres ne sont affili\u00e9s \u00e0 aucun parti politique. L\u2019autre caract\u00e8re exceptionnel \u00a0renvoie \u00e0 l\u2019attitude n\u00e9gative de l\u2019Ex\u00e9cutif actuel \u00e0 vouloir ignorer le \u00ab\u00a0hirak\u00a0\u00bb li\u00e9 aux revendications et \u00e0 la mobilisation des citoyens dans les villes marocaines pour d\u00e9noncer la hausse des prix et la d\u00e9gradation du pouvoir d\u2019achat.\u00a0 \u00a0\u00a0<\/p>\n<p class=\"has-black-color has-text-color\">Rachid Hamouni, qui se veut dans l\u2019opposition constructive et qui tient compte des conditions difficiles actuelles li\u00e9es au Covid-2019, juge le prochain budget d\u2019 \u00ab\u00a0inappropri\u00e9 et en de\u00e7\u00e0 des objectifs fix\u00e9s dans le cadre du programme gouvernemental et encore moins de ceux arr\u00eat\u00e9s dans le cadre du mod\u00e8le de d\u00e9veloppement\u00a0\u00bb.<\/p>\n<p class=\"has-black-color has-text-color\">Pour le chef du Groupe du progr\u00e8s et du socialisme \u00e0 la premi\u00e8re Chambre, les hypoth\u00e8ses retenues dans le PLF 2022 restent \u00ab\u00a0trop modestes\u00a0\u00bb et malgr\u00e9 tout \u00ab\u00a0irr\u00e9alisables\u00a0\u00bb. C\u2019est le cas\u00a0 pour l\u2019hypoth\u00e8se bas\u00e9e, par exemple, sur un prix de gaz butane \u00e0 450 dollars la tonne alors qu\u2019il revient actuellement \u00e0 850 dollars la tonne\u00a0!<\/p>\n<p class=\"has-black-color has-text-color\">La m\u00eame logique s\u2019applique sur la pr\u00e9vision d\u2019une r\u00e9cole c\u00e9r\u00e9ali\u00e8re moyenne, quand le gouvernement pr\u00eache par pr\u00e9cipitation notamment, lorsqu\u2019on constate d\u00e9j\u00e0 le retard des pluies alors que nous sommes la mi-novembre. \u00a0<\/p>\n<p class=\"has-black-color has-text-color\">D\u2019o\u00f9 l\u2019urgence pour le gouvernement d\u2019intervenir pour venir en aide aux agriculteurs et \u00e9leveurs qui se trouvent dans des r\u00e9gions s\u00e8ches et qui ont subi les effets de l\u2019absence des pluies ces derni\u00e8res ann\u00e9es dont notamment Boulmane, Zagoura, Jerrada, figuig, et Errachidia\u2026<\/p>\n<p class=\"has-black-color has-text-color\">Par ailleurs, Hamouni s\u2019interroge sur les raisons qui ont amen\u00e9 le gouvernement \u00e0 ignorer <strong>compl\u00e8tement <\/strong>les revenus du secteur touristique et les recettes\u00a0 des RME, qui ne figurent pas sur le PLF. Et de r\u00e9pliquer que le taux de croissance pr\u00e9vu \u00e0 3,2%, s\u2019il peut-\u00eatre r\u00e9alis\u00e9, il sera, toutefois, sans r\u00e9percussions positives sur le plan social.<\/p>\n<p class=\"has-black-color has-text-color\">Malheureusement, estime le d\u00e9put\u00e9 PPS, le PLF 2022 ne propose pas des mesures efficaces comme l\u2019imp\u00f4t sur la richesse, ou encore la baise de l\u2019IS et de l\u2019IR\u00a0 et les exon\u00e9rations d\u2019ordres sociales. La r\u00e9forme fiscale reste limit\u00e9e \u00e0 des secteurs peu productifs et ne garantit pas le financement du chantier de la protection sociale. D\u2019ailleurs, la baisse des fonds consacr\u00e9 \u00e0 la FDR (Fonds pour le financement des disparit\u00e9s sociales) de 3 \u00e0 2 milliards de dirhams est une mesure qui va aggraver les in\u00e9galit\u00e9s sociales et spatiales, plus particuli\u00e8rement dans les r\u00e9gions \u00e9loign\u00e9es et dans les zones rurales et montagneuses.<\/p>\n<p class=\"has-black-color has-text-color\">Pour le d\u00e9put\u00e9 progressiste, intervenant \u00ab\u00a0en tant que groupe\u00a0 repr\u00e9sentant l\u2019opposition et en coordination avec les autres groupes de l\u2019opposition\u00a0\u00bb, \u00ab\u00a0nous soutenons des mesures qui permettent une meilleure protection du consommateur et une protection de son pouvoir d\u2019achat\u00a0\u00bb. Le groupe demande aussi et surtout la justice spatiale et le renforcement du tissu productif et la protection de la production nationale.<\/p>\n<p class=\"has-black-color has-text-color\">\u00ab\u00a0Nous avons, par ailleurs, plaid\u00e9 pour la pr\u00e9servation du pouvoir d\u2019achat des retrait\u00e9s en les exon\u00e9rant d\u2019imp\u00f4ts. Ce qui a \u00e9t\u00e9 refus\u00e9 par l\u2019actuel gouvernement. Sur un autre volet, le gouvernement a d\u00e9cid\u00e9 de revoir les taxes de certains produits \u00e9lectrom\u00e9nagers\u2026<\/p>\n<p class=\"has-black-color has-text-color\">Aussi, dans le cadre du programme gouvernemental il a \u00e9t\u00e9 pr\u00e9vu de cr\u00e9er 1 million d\u2019emplois. Ce chiffre a \u00e9t\u00e9 revu \u00e0 la baisse dans le PLF pour ne porter que sur 125.000 postes d\u2019emplois\u2026\u00a0!\u00a0 Or, m\u00eame ce nouveau chiffre requiert un budget de plus de 4 milliards de dirhams alors que le gouvernement ne va mobiliser\u00a0 que 2 milliards de dirhams \u00e0 cet effet.\u00a0 Ce montant divis\u00e9 par le nombre pr\u00e9vu de postes d\u2019emplois ne permettra qu\u2019un revenu limit\u00e9 \u00e0 400 dirhams par emplois. La m\u00eame situation s\u2019applique sur les \u00a0personnes \u00e2g\u00e9es de plus de 65 ans qui regroupe selon les derniers chiffres du HCP 1 million 800 personnes.<\/p>\n<p class=\"has-black-color has-text-color\">Le gouvernement actuel, rappelle Hamouni, n\u2019envisage m\u00eame pas d\u2019engager le processus de dialogue social avec les contractuels et s\u2019interroge sur les\u00a0 sources de financement pour leur accorder les 2500 dirhams programm\u00e9s dans le PLF 2022.<\/p>\n<p class=\"has-black-color has-text-color\">Le chef du Groupe du progr\u00e8s et du socialisme souligne enfin que la conviction du PPS est ferme et constante pour que la justice sociale aille de pair avec la d\u00e9mocratie. Et que la mise en \u0153uvre des chantiers de r\u00e9formes exige une volont\u00e9 politique, la r\u00e9habilitation de l\u2019action politique et la responsabilit\u00e9, \u00a0ainsi que la r\u00e9\u00e9dition des comptes et la moralisation du champ politique. A cela s\u2019ajoute l\u2019\u00e9largissement du champ des libert\u00e9s, l\u2019\u00e9galit\u00e9 et la cr\u00e9ation d\u2019un climat de confiance et une d\u00e9tente sur le plan politique et des droits de l\u2019homme.\u00a0 Chose qui ne peut se faire qu\u2019a travers des initiatives positives et la lib\u00e9ration des d\u00e9tenus des mouvements sociaux\u00a0( Jerrada, Rif)\u00a0 et ce dans le respect de la libert\u00e9 d\u2019expression et des m\u00e9dias.<\/p>\n<p>L\u2019article <a rel=\"nofollow\" href=\"http:\/\/albayane.press.ma\/le-plf-2022-aggrave-les-disparites-sociales-et-la-degradation-du-pouvoir-dachat-du-citoyen.html\">Le PLF 2022 aggrave les disparit\u00e9s sociales et la d\u00e9gradation du pouvoir d\u2019achat du citoyen<\/a> est apparu en premier sur <a rel=\"nofollow\" href=\"http:\/\/albayane.press.ma\/\">ALBAYANE<\/a>.<\/p>\n<\/div>\n<p>Auteur: M&rsquo;hammed rahal<br \/>\n<a href=\"http:\/\/albayane.press.ma\/le-plf-2022-aggrave-les-disparites-sociales-et-la-degradation-du-pouvoir-dachat-du-citoyen.html\">Cliquez ici pour lire l&rsquo;article depuis sa source.<\/a><\/p>\n","protected":false},"excerpt":{"rendered":"<p>Rachid Hamouni, pr\u00e9sident du Groupe parlementaire du progr\u00e8s et du socialisme Fairouz EL Mouden Rachid Hamouni, d\u00e9put\u00e9 et chef du Groupe parlementaire du progr\u00e8s et du socialisme, ne veut pas y aller\u00a0 par quatre chemins. Son intervention, lors de la discussion de la premi\u00e8re partie du projet de loi des finances 2022, a mis la [&hellip;]<\/p>\n","protected":false},"author":1760,"featured_media":0,"comment_status":"closed","ping_status":"closed","sticky":false,"template":"","format":"standard","meta":{"fifu_image_url":"","fifu_image_alt":"","footnotes":""},"categories":[73,54],"tags":[],"class_list":["post-133063","post","type-post","status-publish","format-standard","hentry","category-actualite","category-maroc"],"_links":{"self":[{"href":"https:\/\/linitiative.ca\/International\/wp-json\/wp\/v2\/posts\/133063","targetHints":{"allow":["GET"]}}],"collection":[{"href":"https:\/\/linitiative.ca\/International\/wp-json\/wp\/v2\/posts"}],"about":[{"href":"https:\/\/linitiative.ca\/International\/wp-json\/wp\/v2\/types\/post"}],"author":[{"embeddable":true,"href":"https:\/\/linitiative.ca\/International\/wp-json\/wp\/v2\/users\/1760"}],"replies":[{"embeddable":true,"href":"https:\/\/linitiative.ca\/International\/wp-json\/wp\/v2\/comments?post=133063"}],"version-history":[{"count":0,"href":"https:\/\/linitiative.ca\/International\/wp-json\/wp\/v2\/posts\/133063\/revisions"}],"wp:attachment":[{"href":"https:\/\/linitiative.ca\/International\/wp-json\/wp\/v2\/media?parent=133063"}],"wp:term":[{"taxonomy":"category","embeddable":true,"href":"https:\/\/linitiative.ca\/International\/wp-json\/wp\/v2\/categories?post=133063"},{"taxonomy":"post_tag","embeddable":true,"href":"https:\/\/linitiative.ca\/International\/wp-json\/wp\/v2\/tags?post=133063"}],"curies":[{"name":"wp","href":"https:\/\/api.w.org\/{rel}","templated":true}]}}