{"id":13307,"date":"2019-02-12T05:30:00","date_gmt":"2019-02-12T10:30:00","guid":{"rendered":"https:\/\/linitiative.ca\/International\/salon-des-vacances-loriental-en-force\/"},"modified":"2019-02-12T05:30:00","modified_gmt":"2019-02-12T10:30:00","slug":"salon-des-vacances-loriental-en-force","status":"publish","type":"post","link":"https:\/\/linitiative.ca\/International\/salon-des-vacances-loriental-en-force\/","title":{"rendered":"Salon des vacances: L\u2019Oriental en force"},"content":{"rendered":"<div readability=\"34\">\n<p>Plus de 10.000 visiteurs au seul stand marocain de cet \u00e9v\u00e8nement<\/p>\n<p>Le CRT d\u00e9croche des contrats avec des tour-op\u00e9rateurs golfiques<\/p>\n<\/div>\n<div readability=\"87\">\n<div class=\"dnd-atom-wrapper type-image context-sdl_editor_representation\" contenteditable=\"false\" readability=\"32.5\">\n<div class=\"dnd-drop-wrapper image\"><img loading=\"lazy\" decoding=\"async\" typeof=\"foaf:Image\" class=\"img-responsive\" src=\"https:\/\/www.leconomiste.com\/sites\/default\/files\/eco7\/public\/thumbnails\/image\/salon-tourisme-oriental-050.jpg\" width=\"660\" height=\"330\" alt=\"salon-tourisme-oriental-050.jpg\" title=\"salon-tourisme-oriental-050.jpg\"\/><\/div>\n<div class=\"dnd-legend-wrapper\" contenteditable=\"true\" readability=\"10\">\n<p class=\"rtejustify\">Le stand de l\u2019Oriental, submerg\u00e9 de toutes parts, a \u00e9t\u00e9 consid\u00e9r\u00e9 comme l\u2019un des stands les plus conviviaux <em>(Ph. A.K)<\/em><\/p>\n<\/div>\n<\/div>\n<p class=\"rtejustify\">Rush d\u2019exposants \u00e0 la 61e \u00e9dition du Salon des vacances de Bruxelles, du 7 au 10 f\u00e9vrier dernier dans la capitale belge. Ce ne sont pas moins de 350 exposants repr\u00e9sentant 800 destinations qui y ont particip\u00e9, avec une place de choix pour le CRT de l\u2019Oriental, seul repr\u00e9sentant du Maroc \u00e0 cet \u00e9v\u00e8nement.<\/p>\n<p class=\"rtejustify\">Une forte d\u00e9l\u00e9gation d\u2019h\u00f4teliers, agents de voyage et\u00a0 professionnels ont effectu\u00e9 le d\u00e9placement pour promouvoir leur territoire, aujourd\u2019hui destination \u00e9mergente. L\u2019objectif \u00e9tait double: b\u00e9n\u00e9ficier du savoir-faire en mati\u00e8re d\u2019organisation de salons, mais aussi et surtout tisser des liens plus \u00e9troits avec les march\u00e9s \u00e9metteurs, particuli\u00e8rement la Belgique, berceau d\u2019un nombre important de MRE.\u00a0<\/p>\n<p class=\"rtejustify\">Parmi ces ressortissants marocains, certaines personnalit\u00e9s qui assument d\u2019importantes responsabilit\u00e9s politico-\u00e9conomiques et qui peuvent jouer le r\u00f4le de facilitateurs. Plus de 40% d\u2019entre eux sont originaires de l\u2019Oriental et sont actifs dans le secteur touristique.<\/p>\n<p class=\"rtejustify\">D\u2019ailleurs, ils se sont montr\u00e9s solidaires avec l\u2019offre marocaine et ont incit\u00e9 les responsables et professionnels \u00e0 diversifier leurs offres et \u00e0 multiplier la promotion internationale de l\u2019Oriental. Ils se sont aussi engag\u00e9s \u00e0 renforcer la coop\u00e9ration entre le Maroc et la Belgique.<\/p>\n<p class=\"rtejustify\">C\u2019est le cas de Rachid Madrane, ministre de la Jeunesse, de l\u2019aide aux jeunes, des maisons de justice, des sports et de la promotion de Bruxelles, qui s\u2019est dit pr\u00eat \u00e0 lancer des programmes de co-d\u00e9veloppement pour l\u2019insertion des jeunes dans le secteur touristique et le renforcement des performances humaines. Une s\u00e9rie de rencontres est d\u00e9j\u00e0 programm\u00e9e dans ce sens avec des conseils r\u00e9gionaux de Berkane et Driouch.<\/p>\n<p class=\"rtejustify\">Le but de cette participation-type est de faire d\u00e9couvrir aux Europ\u00e9ens les diff\u00e9rentes offres d\u2019une r\u00e9gion dot\u00e9e d\u2019une bonne infrastructure de base pour attirer le plus grand nombre de touristes. \u00abIl est temps que l\u2019Oriental diversifie ses cibles et ses offres touristiques tout en d\u00e9bloquant des budgets cons\u00e9quents pour lancer sur de bonnes bases l\u2019industrie touristique\u00bb, explique Youssef Zaki, pr\u00e9sident du CRT Oriental.<\/p>\n<p class=\"rtejustify\">La capacit\u00e9 liti\u00e8re de la r\u00e9gion, qui a d\u00e9pass\u00e9 le seuil critique la saison pr\u00e9c\u00e9dente, sera renforc\u00e9e par l\u2019inauguration de deux nouveaux \u00e9tablissements touristiques et la r\u00e9ouverture du plus grand h\u00f4tel de la station baln\u00e9aire, pr\u00e9vue pour la prochaine saison estivale.<\/p>\n<p class=\"rtejustify\">L\u2019ensemble de ces atouts ont \u00e9t\u00e9 expos\u00e9s aux 10.000 visiteurs qui ont d\u00e9couvert le stand de l\u2019Oriental. Certains d\u2019entre eux ont promis de visiter la r\u00e9gion prochainement alors que d\u2019autres ont gagn\u00e9 des voyages gratuits. C\u2019est le cas de sept \u00e9tudiants d\u2019une \u00e9cole sp\u00e9cialis\u00e9e dans la formation touristique. En parall\u00e8le trois TO golfiques internationaux souhaitent d\u00e9velopper leur collaboration avec les golfs de la r\u00e9gion.<\/p>\n<p class=\"rtejustify\">\u00a0<\/p>\n<\/div>\n<p><a href=\"https:\/\/www.leconomiste.com\/article\/1040624-salon-des-vacances-l-oriental-en-force\">Cliquez ici pour lire l&rsquo;article depuis sa source.<\/a><br \/>\nAuteur: hlafriqi<\/p>\n","protected":false},"excerpt":{"rendered":"<p>Plus de 10.000 visiteurs au seul stand marocain de cet \u00e9v\u00e8nement Le CRT d\u00e9croche des contrats avec des tour-op\u00e9rateurs golfiques Le stand de l\u2019Oriental, submerg\u00e9 de toutes parts, a \u00e9t\u00e9 consid\u00e9r\u00e9 comme l\u2019un des stands les plus conviviaux (Ph. A.K) Rush d\u2019exposants \u00e0 la 61e \u00e9dition du Salon des vacances de Bruxelles, du 7 au [&hellip;]<\/p>\n","protected":false},"author":1763,"featured_media":13308,"comment_status":"closed","ping_status":"closed","sticky":false,"template":"","format":"standard","meta":{"fifu_image_url":"","fifu_image_alt":"","footnotes":""},"categories":[78,54],"tags":[],"class_list":["post-13307","post","type-post","status-publish","format-standard","has-post-thumbnail","hentry","category-economie","category-maroc"],"_links":{"self":[{"href":"https:\/\/linitiative.ca\/International\/wp-json\/wp\/v2\/posts\/13307","targetHints":{"allow":["GET"]}}],"collection":[{"href":"https:\/\/linitiative.ca\/International\/wp-json\/wp\/v2\/posts"}],"about":[{"href":"https:\/\/linitiative.ca\/International\/wp-json\/wp\/v2\/types\/post"}],"author":[{"embeddable":true,"href":"https:\/\/linitiative.ca\/International\/wp-json\/wp\/v2\/users\/1763"}],"replies":[{"embeddable":true,"href":"https:\/\/linitiative.ca\/International\/wp-json\/wp\/v2\/comments?post=13307"}],"version-history":[{"count":0,"href":"https:\/\/linitiative.ca\/International\/wp-json\/wp\/v2\/posts\/13307\/revisions"}],"wp:featuredmedia":[{"embeddable":true,"href":"https:\/\/linitiative.ca\/International\/wp-json\/"}],"wp:attachment":[{"href":"https:\/\/linitiative.ca\/International\/wp-json\/wp\/v2\/media?parent=13307"}],"wp:term":[{"taxonomy":"category","embeddable":true,"href":"https:\/\/linitiative.ca\/International\/wp-json\/wp\/v2\/categories?post=13307"},{"taxonomy":"post_tag","embeddable":true,"href":"https:\/\/linitiative.ca\/International\/wp-json\/wp\/v2\/tags?post=13307"}],"curies":[{"name":"wp","href":"https:\/\/api.w.org\/{rel}","templated":true}]}}